{"id":42040,"date":"2023-01-04T00:00:20","date_gmt":"2023-01-04T03:00:20","guid":{"rendered":"https:\/\/vocesdebaires.com.ar\/?p=42040"},"modified":"2023-01-03T18:29:59","modified_gmt":"2023-01-03T21:29:59","slug":"ciudadmatrizla-exposicion-de-julian-pesce-en-el-espacio-de-arte-amia","status":"publish","type":"post","link":"https:\/\/vocesdebaires.com.ar\/index.php\/2023\/01\/04\/ciudadmatrizla-exposicion-de-julian-pesce-en-el-espacio-de-arte-amia\/","title":{"rendered":"Ciudad:\u00bbMatriz\u00bbla exposici\u00f3n de Juli\u00e1n Pesce en el Espacio de Arte AMIA"},"content":{"rendered":"<p>Durante todo el verano podr\u00e1 verse, en el Espacio de Arte AMIA, en el entrepiso de Pasteur 633, la exposici\u00f3n \u201cMatriz\u201d, del artista Juli\u00e1n Pesce. La exhibici\u00f3n, con entrada gratuita, cuenta con cuatro obras \u201csite specific\u201d; que plantean una relaci\u00f3n \u00fanica con el espacio al ser trabajos art\u00edsticos dise\u00f1ados especialmente para su locaci\u00f3n en un lugar en particular. \u201cLas herramientas que utilizo para escarbar sobre las matrices son un torno ele\u0301ctrico y amoladora, que le dan una vibracio\u0301n a la imagen que la aleja de la xilografi\u0301a tradicional\u201d, sostiene el artista a la hora de hablar de su muestra.<\/p>\n<p>\u201cEl hecho de ser ima\u0301genes mediadas por ma\u0301quinas (dichas herramientas y la prensa calcogra\u0301fica) establecen un vi\u0301nculo indirecto entre el artista y las piezas terminadas. A su vez, estas herramientas traducen la vibracio\u0301n ele\u0301ctrica en imagen. La analogi\u0301a entre corriente ele\u0301ctrica y caudal de agua es usual como meta\u0301fora cuando se estudia electro\u0301nica o electricidad, para entender algo que no se ve pero que se comporta de manera muy similar en te\u0301rminos fi\u0301sicos\u201d, advierte.<\/p>\n<p>En palabras de Elio Kapsuzk, director del \u00e1rea de Arte y Producci\u00f3n de AMIA y curador de la muestra, \u201cJuli\u00e1n Pesce tiene una cantidad poco habitual de herramientas art\u00edsticas, proporcional a una infinidad de ideas que, de alguna manera, comulgan y nos ofrecen un cuerpo de obra que presenta, en una primera lectura, la diversidad, pero que ha demostrado en su derrotero art\u00edstico, una unicidad profunda, como puntos que se van uniendo creando sentido.<\/p>\n<p>Hace tiempo que Pesce dej\u00f3 de ser un artista emergente, y que su amplitud de mirada lo ubica en lo multifac\u00e9tico, pero con una costura que lo identifica\u201c, remarc\u00f3. Por su parte, Eduardo Stup\u00eda, artista fundamental en la redefinici\u00f3n del dibujo en el arte contempor\u00e1neo argentino, escribi\u00f3 unas l\u00edneas especialmente para esta exposici\u00f3n, a partir de que el artista leyera su libro \u201cL\u00edneas como culebras, pinceles como perros\u201d, al hilar relaciones entre su trabajo, la muestra y ciertos temas que trata el texto como la traducci\u00f3n y el salto de un lenguaje a otro.<\/p>\n<p>\u201cJuli\u00e1n Pesce revisa y reformula conceptualmente las nociones de las partes y el todo, en cuanto a la manera en que esa dial\u00e9ctica impacta en el fen\u00f3meno cognitivo. Muy inductivamente, propone al espectador dejarse envolver y encandilar por la magn\u00edfica sugesti\u00f3n de sus texturas, tramas, entrecruzamientos y entramados lineales, superposiciones y contrapuntos\u201d, reflexion\u00f3 Stup\u00eda. \u201cMatriz\u201d puede visitarse en el Espacio de Arte AMIA, con entrada gratuita, en el entrepiso de Pasteur 633, de lunes a jueves de 10 a 19, y los viernes de 10 a 16. Para ingresar, solo es necesario concurrir con DNI.<\/p>\n<p><strong>Sobre el artista:<\/strong><br \/>\n<strong>Juli\u00e1n Pesce estudi\u00f3 Dibujo en la Universidad Nacional de Arte, y se licenci\u00f3 en Artes Electr\u00f3nicas en UNTREF.<\/strong><br \/>\nRecibi\u00f3 las becas Proyectarte, Cromos y Taglit \u2013 Briart. Expuso en numerosas muestras colectivas: Fondo Nacional de las Artes, Centro Cultural Borges, Consulado Argentino en Nueva York y en la Galer\u00eda Aldo de Souza, IMPACT12, Bristol, (UK), entre otras. Individualmente en la Sala Prometeus del Centro Cultural Recoleta y en Galer\u00eda Mar Dulce. Obtuvo una Menci\u00f3n de Honor en el 102\u00b0 Sal\u00f3n Nacional de la disciplina de Grabado. Particip\u00f3 de las ediciones 109\u00b0 y 110\u00b0 del mismo certamen.<\/p>\n<p>Particip\u00f3 en el Premio Argentino de las Artes Visuales, Fundaci\u00f3n OSDE, IV edici\u00f3n. Obtuvo un premio en Open Buenos Aires, beca para investigaci\u00f3n en Basque Design Center, Bilbao. Es hijo de los artistas Mariana Schapiro y Ernesto Pesce. En su obra, Kapszuk dice no reconocer \u201ccontinuidad de la obra de sus padres pero s\u00ed un sensible manejo expresivo que se despliega en un sinn\u00famero de posibilidades que seguramente encuentran su origen en una casa del barrio de Chacarita donde el arte lo atraviesa todo\u201d.<\/p>\n","protected":false},"excerpt":{"rendered":"<p>Durante todo el verano podr\u00e1 verse, en el Espacio de Arte AMIA, en el entrepiso de Pasteur 633, la exposici\u00f3n \u201cMatriz\u201d, del artista Juli\u00e1n Pesce. La exhibici\u00f3n, con entrada gratuita, cuenta con cuatro obras \u201csite specific\u201d; que plantean una relaci\u00f3n \u00fanica con el espacio al ser trabajos art\u00edsticos dise\u00f1ados especialmente para su locaci\u00f3n en un [&hellip;]<\/p>\n","protected":false},"author":2,"featured_media":42041,"comment_status":"open","ping_status":"open","sticky":false,"template":"","format":"standard","meta":{"_et_pb_use_builder":"","_et_pb_old_content":"","_et_gb_content_width":"","footnotes":""},"categories":[11,33],"tags":[],"class_list":["post-42040","post","type-post","status-publish","format-standard","has-post-thumbnail","hentry","category-ciudad","category-sociedad-y-cultura-2"],"_links":{"self":[{"href":"https:\/\/vocesdebaires.com.ar\/index.php\/wp-json\/wp\/v2\/posts\/42040"}],"collection":[{"href":"https:\/\/vocesdebaires.com.ar\/index.php\/wp-json\/wp\/v2\/posts"}],"about":[{"href":"https:\/\/vocesdebaires.com.ar\/index.php\/wp-json\/wp\/v2\/types\/post"}],"author":[{"embeddable":true,"href":"https:\/\/vocesdebaires.com.ar\/index.php\/wp-json\/wp\/v2\/users\/2"}],"replies":[{"embeddable":true,"href":"https:\/\/vocesdebaires.com.ar\/index.php\/wp-json\/wp\/v2\/comments?post=42040"}],"version-history":[{"count":1,"href":"https:\/\/vocesdebaires.com.ar\/index.php\/wp-json\/wp\/v2\/posts\/42040\/revisions"}],"predecessor-version":[{"id":42042,"href":"https:\/\/vocesdebaires.com.ar\/index.php\/wp-json\/wp\/v2\/posts\/42040\/revisions\/42042"}],"wp:featuredmedia":[{"embeddable":true,"href":"https:\/\/vocesdebaires.com.ar\/index.php\/wp-json\/wp\/v2\/media\/42041"}],"wp:attachment":[{"href":"https:\/\/vocesdebaires.com.ar\/index.php\/wp-json\/wp\/v2\/media?parent=42040"}],"wp:term":[{"taxonomy":"category","embeddable":true,"href":"https:\/\/vocesdebaires.com.ar\/index.php\/wp-json\/wp\/v2\/categories?post=42040"},{"taxonomy":"post_tag","embeddable":true,"href":"https:\/\/vocesdebaires.com.ar\/index.php\/wp-json\/wp\/v2\/tags?post=42040"}],"curies":[{"name":"wp","href":"https:\/\/api.w.org\/{rel}","templated":true}]}}