{"id":42048,"date":"2023-01-05T00:00:18","date_gmt":"2023-01-05T03:00:18","guid":{"rendered":"https:\/\/vocesdebaires.com.ar\/?p=42048"},"modified":"2023-01-04T19:21:39","modified_gmt":"2023-01-04T22:21:39","slug":"rodriguez-larreta-en-una-de-las-escuelas-de-verano-de-la-ciudad","status":"publish","type":"post","link":"https:\/\/vocesdebaires.com.ar\/index.php\/2023\/01\/05\/rodriguez-larreta-en-una-de-las-escuelas-de-verano-de-la-ciudad\/","title":{"rendered":"Rodr\u00edguez Larreta, en una de las Escuelas de Verano de la Ciudad"},"content":{"rendered":"<p>El jefe de Gobierno porte\u00f1o, Horacio Rodr\u00edguez Larreta, visit\u00f3 una de las Escuelas de Verano de la Ciudad y destac\u00f3 que \u00absi en pleno enero hay gente que no afloja en la construcci\u00f3n de su futuro, hay esperanza\u00bb.<br \/>\nRodr\u00edguez Larreta recorri\u00f3 la Escuela T\u00e9cnica N\u00ba 01 D.E. 04 \u201cIngeniero Otto Krause\u201d, una de las 150 sedes donde se desarrolla la iniciativa de la cartera educativa porte\u00f1a. Este a\u00f1o est\u00e1n participando m\u00e1s de 32.500 estudiantes, lo que constituye un r\u00e9cord hist\u00f3rico de inscriptos. Adem\u00e1s, asisten 1.710 alumnos que vienen de la provincia de Buenos Aires. \u201cM\u00e1s de 100 escuelas, llenas de profesores que est\u00e1n haciendo un esfuerzo tremendo que agradecemos much\u00edsimo, van a abrir durante enero para que los chicos sigan aprendiendo.<\/p>\n<p>Para que los chicos tengan la posibilidad de poner su esfuerzo para salir adelante\u201d, destac\u00f3 el Jefe de Gobierno, acompa\u00f1ado por el jefe de Gabinete, Felipe Miguel; el secretario de Asuntos P\u00fablicos, Waldo Wolff; y la subsecretaria de Coordinaci\u00f3n Pedag\u00f3gica y Equidad Educativa del Ministerio de Educaci\u00f3n, Luc\u00eda Feced.. Rodr\u00edguez Larreta le envi\u00f3 un especial saludo a la ministra de Educaci\u00f3n, Soledad Acu\u00f1a, quien se encuentra de licencia tras el nacimiento de su hija, y asegur\u00f3 que, mientras ella se dedica a su familia, el Gobierno porte\u00f1o mantiene intacto el compromiso con los chicos y chicas de la Ciudad. \u201cLo importante es el mensaje: se puede y hay un Estado que hace 15 a\u00f1os que acompa\u00f1a, con esta filosof\u00eda que tenemos nosotros de que siempre se puede mejorar\u201d, afirm\u00f3.<\/p>\n<p><strong>Escuelas de Verano, con dos turnos y 150 sedes<\/strong><br \/>\nLa propuesta del Ministerio de Educaci\u00f3n de la Ciudad permite a chicos, chicas y adolescentes de todos los niveles educativos, tanto de gesti\u00f3n p\u00fablica como privada, seguir aprendiendo durante el receso escolar de verano en espacios que favorecen la inclusi\u00f3n y el trabajo grupal a trav\u00e9s de propuestas art\u00edsticas, expresivas, culturales y deportivas. La iniciativa forma parte de la Red de Fortalecimiento, por lo que los alumnos de secundaria tendr\u00e1n la posibilidad de rendir materias previas del ciclo b\u00e1sico. Al d\u00eda de la fecha hay 9.000 estudiantes que rendir\u00e1n los trayectos que les quedaron pendientes del ciclo lectivo 2022.<\/p>\n<p>Funciona del 2 de enero al 3 de febrero, en dos turnos: a la ma\u00f1ana, de 9 a 16 horas, o a la tarde, de 11 a 18 horas. La propuesta tiene como escenario a 150 escuelas sedes, el Parque de la Ciudad, y el Parque Indoamericano. Tambi\u00e9n cuenta con otros espacios educativos, art\u00edsticos y culturales como el Centro Cultural San Mart\u00edn, el Centro Cultural Recoleta, el Museo Quinquela Mart\u00edn, el Anfiteatro de Parque Centenario, el Espacio Incaa en el cine Gaumont, la Fundaci\u00f3n Proa, el Teatro San Mart\u00edn, la Usina del Arte, el Planetario y el Baficito.<\/p>\n","protected":false},"excerpt":{"rendered":"<p>El jefe de Gobierno porte\u00f1o, Horacio Rodr\u00edguez Larreta, visit\u00f3 una de las Escuelas de Verano de la Ciudad y destac\u00f3 que \u00absi en pleno enero hay gente que no afloja en la construcci\u00f3n de su futuro, hay esperanza\u00bb. Rodr\u00edguez Larreta recorri\u00f3 la Escuela T\u00e9cnica N\u00ba 01 D.E. 04 \u201cIngeniero Otto Krause\u201d, una de las 150 [&hellip;]<\/p>\n","protected":false},"author":3,"featured_media":42049,"comment_status":"open","ping_status":"open","sticky":false,"template":"","format":"standard","meta":{"_et_pb_use_builder":"","_et_pb_old_content":"","_et_gb_content_width":"","footnotes":""},"categories":[11,33],"tags":[],"class_list":["post-42048","post","type-post","status-publish","format-standard","has-post-thumbnail","hentry","category-ciudad","category-sociedad-y-cultura-2"],"_links":{"self":[{"href":"https:\/\/vocesdebaires.com.ar\/index.php\/wp-json\/wp\/v2\/posts\/42048"}],"collection":[{"href":"https:\/\/vocesdebaires.com.ar\/index.php\/wp-json\/wp\/v2\/posts"}],"about":[{"href":"https:\/\/vocesdebaires.com.ar\/index.php\/wp-json\/wp\/v2\/types\/post"}],"author":[{"embeddable":true,"href":"https:\/\/vocesdebaires.com.ar\/index.php\/wp-json\/wp\/v2\/users\/3"}],"replies":[{"embeddable":true,"href":"https:\/\/vocesdebaires.com.ar\/index.php\/wp-json\/wp\/v2\/comments?post=42048"}],"version-history":[{"count":1,"href":"https:\/\/vocesdebaires.com.ar\/index.php\/wp-json\/wp\/v2\/posts\/42048\/revisions"}],"predecessor-version":[{"id":42050,"href":"https:\/\/vocesdebaires.com.ar\/index.php\/wp-json\/wp\/v2\/posts\/42048\/revisions\/42050"}],"wp:featuredmedia":[{"embeddable":true,"href":"https:\/\/vocesdebaires.com.ar\/index.php\/wp-json\/wp\/v2\/media\/42049"}],"wp:attachment":[{"href":"https:\/\/vocesdebaires.com.ar\/index.php\/wp-json\/wp\/v2\/media?parent=42048"}],"wp:term":[{"taxonomy":"category","embeddable":true,"href":"https:\/\/vocesdebaires.com.ar\/index.php\/wp-json\/wp\/v2\/categories?post=42048"},{"taxonomy":"post_tag","embeddable":true,"href":"https:\/\/vocesdebaires.com.ar\/index.php\/wp-json\/wp\/v2\/tags?post=42048"}],"curies":[{"name":"wp","href":"https:\/\/api.w.org\/{rel}","templated":true}]}}