{"id":42054,"date":"2023-01-05T00:00:48","date_gmt":"2023-01-05T03:00:48","guid":{"rendered":"https:\/\/vocesdebaires.com.ar\/?p=42054"},"modified":"2023-01-05T00:50:53","modified_gmt":"2023-01-05T03:50:53","slug":"en-la-ciudad-el-same-tiene-atencion-medica-los-365-dias-del-ano","status":"publish","type":"post","link":"https:\/\/vocesdebaires.com.ar\/index.php\/2023\/01\/05\/en-la-ciudad-el-same-tiene-atencion-medica-los-365-dias-del-ano\/","title":{"rendered":"En la ciudad: El SAME tiene atenci\u00f3n m\u00e9dica los 365 d\u00edas del a\u00f1o"},"content":{"rendered":"<p>El servicio del SAME tiene el objetivo de brindar una respuesta adecuada a las necesidades de la poblaci\u00f3n frente a emergencias y urgencias m\u00e9dicas, individuales o colectivas, surgidas dentro del \u00e1mbito de la Ciudad de Buenos Aires.<\/p>\n<p><strong>Si ten\u00e9s una emergencia llam\u00e1 al 107 e indica claramente:<\/strong><br \/>\nLugar de la emergencia.<br \/>\nTel\u00e9fono desde el que estas llamando.<br \/>\nQu\u00e9 est\u00e1 ocurriendo.<br \/>\nN\u00famero de afectados. Segu\u00ed atentamente las indicaciones del operador de emergencias y siempre colg\u00e1 \u00faltimo.<\/p>\n<p><strong>Otros tel\u00e9fonos del SAME para que tengas en cuenta:<\/strong><br \/>\nAtenci\u00f3n al p\u00fablico, 4923-1051<br \/>\nPedidos de sangre, 4923-1058<br \/>\nLocalizaci\u00f3n de personas en hospitales y comisar\u00edas, 4909-2023<\/p>\n<p><strong>M\u00e1s tel\u00e9fonos de emergencias en Salud:<\/strong><br \/>\nEmergencias psiqui\u00e1tricas: Hospital Torcuato De Alvear, te. 4521-0273\/0983\/8457.<br \/>\nToxicol\u00f3gicas (ni\u00f1os): Hospital Dr. Ricardo Guti\u00e9rrez, te. 4962-2247\/6666.<br \/>\nOdontolog\u00eda: Francisco Jos\u00e9 Due\u00f1as, te. 4983-0392.<br \/>\nQuemados: Hospital de Quemados, te. 4923-4082; 4922-1061; 4923-3022\/25\/4081.<br \/>\nOftalmolog\u00eda: Santa Luc\u00eda, te. 4941-5555.<br \/>\nPediatra en casa: te. 0-800-222-6466. Servicio gratuito de atenci\u00f3n domiciliaria nocturna para ni\u00f1os de 0 a 14 a\u00f1os. Funciona de 20 a 8 hs.<\/p>\n","protected":false},"excerpt":{"rendered":"<p>El servicio del SAME tiene el objetivo de brindar una respuesta adecuada a las necesidades de la poblaci\u00f3n frente a emergencias y urgencias m\u00e9dicas, individuales o colectivas, surgidas dentro del \u00e1mbito de la Ciudad de Buenos Aires. Si ten\u00e9s una emergencia llam\u00e1 al 107 e indica claramente: Lugar de la emergencia. Tel\u00e9fono desde el que [&hellip;]<\/p>\n","protected":false},"author":3,"featured_media":42067,"comment_status":"open","ping_status":"open","sticky":false,"template":"","format":"standard","meta":{"_et_pb_use_builder":"","_et_pb_old_content":"","_et_gb_content_width":"","footnotes":""},"categories":[11,33],"tags":[],"class_list":["post-42054","post","type-post","status-publish","format-standard","has-post-thumbnail","hentry","category-ciudad","category-sociedad-y-cultura-2"],"_links":{"self":[{"href":"https:\/\/vocesdebaires.com.ar\/index.php\/wp-json\/wp\/v2\/posts\/42054"}],"collection":[{"href":"https:\/\/vocesdebaires.com.ar\/index.php\/wp-json\/wp\/v2\/posts"}],"about":[{"href":"https:\/\/vocesdebaires.com.ar\/index.php\/wp-json\/wp\/v2\/types\/post"}],"author":[{"embeddable":true,"href":"https:\/\/vocesdebaires.com.ar\/index.php\/wp-json\/wp\/v2\/users\/3"}],"replies":[{"embeddable":true,"href":"https:\/\/vocesdebaires.com.ar\/index.php\/wp-json\/wp\/v2\/comments?post=42054"}],"version-history":[{"count":1,"href":"https:\/\/vocesdebaires.com.ar\/index.php\/wp-json\/wp\/v2\/posts\/42054\/revisions"}],"predecessor-version":[{"id":42056,"href":"https:\/\/vocesdebaires.com.ar\/index.php\/wp-json\/wp\/v2\/posts\/42054\/revisions\/42056"}],"wp:featuredmedia":[{"embeddable":true,"href":"https:\/\/vocesdebaires.com.ar\/index.php\/wp-json\/wp\/v2\/media\/42067"}],"wp:attachment":[{"href":"https:\/\/vocesdebaires.com.ar\/index.php\/wp-json\/wp\/v2\/media?parent=42054"}],"wp:term":[{"taxonomy":"category","embeddable":true,"href":"https:\/\/vocesdebaires.com.ar\/index.php\/wp-json\/wp\/v2\/categories?post=42054"},{"taxonomy":"post_tag","embeddable":true,"href":"https:\/\/vocesdebaires.com.ar\/index.php\/wp-json\/wp\/v2\/tags?post=42054"}],"curies":[{"name":"wp","href":"https:\/\/api.w.org\/{rel}","templated":true}]}}