{"id":42057,"date":"2023-01-05T00:00:35","date_gmt":"2023-01-05T03:00:35","guid":{"rendered":"https:\/\/vocesdebaires.com.ar\/?p=42057"},"modified":"2023-01-05T00:39:32","modified_gmt":"2023-01-05T03:39:32","slug":"ciudad-termina-la-secundaria-y-completa-los-estudios-en-todo-el-pais","status":"publish","type":"post","link":"https:\/\/vocesdebaires.com.ar\/index.php\/2023\/01\/05\/ciudad-termina-la-secundaria-y-completa-los-estudios-en-todo-el-pais\/","title":{"rendered":"Ciudad: \u201cTermin\u00e1 la secundaria\u201d y completa los estudios, en todo el pa\u00eds"},"content":{"rendered":"<p>A trav\u00e9s del programa \u00abTermin\u00e1 la Secundaria\u00bb, la Ciudad ofrece la posibilidad de completar los estudios desde cualquier parte del pa\u00eds de manera virtual y gratuita. \u00abLa Ciudad trabaja por una educaci\u00f3n que incluye en vez de excluir, que da oportunidades en vez de quitarlas, que salda una deuda hist\u00f3rica con todos los que fueron alejados de la escuela a lo largo de los a\u00f1os\u201d, afirm\u00f3 el El jefe de Gobierno porte\u00f1o, Horacio Rodr\u00edguez Larreta, durante la presentaci\u00f3n del programa, acompa\u00f1ado por la ministra de Educaci\u00f3n, Soledad Acu\u00f1a.<\/p>\n<p>Adem\u00e1s, subray\u00f3 que el Gobierno porte\u00f1o tiene \u201cel firme compromiso de ayudar a todos los argentinos, vivan donde vivan, a terminar sus estudios y retomar el camino de progreso que construyen la educaci\u00f3n y el trabajo\u201d.<br \/>\nEl Jefe de Gobierno explic\u00f3 que \u201ccada vez son m\u00e1s los chicos que, empujados por la dura realidad econ\u00f3mica del pa\u00eds, tienen que dejar la escuela para empezar una changa o para cumplir tareas de cuidado porque nadie m\u00e1s puede hacerlo\u201d.<\/p>\n<p>Y asegur\u00f3 que \u201cdespu\u00e9s de tantos a\u00f1os de estudio y dedicaci\u00f3n, tener que dejar se siente como una carrera que corriste y no terminaste, una deuda pendiente que te pesa en los hombros como una mochila\u201d.<br \/>\nLos interesados podr\u00e1n inscribirse a partir del 15 de febrero de 2023. Para anotarse hay que ser mayor de 18 a\u00f1os, haber completado la escuela primaria, vivir en Argentina y contar con una computadora, notebook, tablet u otro dispositivo con internet para acceder al campus virtual. All\u00ed encontrar\u00e1n las clases, el material de estudio, las actividades, los trabajos pr\u00e1cticos y el calendario con todas las fechas importantes.<\/p>\n<p>\u201cLa duraci\u00f3n precisa va a ser personalizada, dependiendo exclusivamente de las materias que deban y del tiempo que le puedan dedicar. Sabemos que tienen otras responsabilidades y queremos ayudarlos a que puedan compatibilizarlas con su educaci\u00f3n\u201d, explic\u00f3 el Jefe de Gobierno, quien estuvo acompa\u00f1ado tambi\u00e9n por el jefe de Gabinete, Felipe Miguel. Por \u00faltimo, afirm\u00f3: \u201cEs urgente saldar esta deuda, porque la educaci\u00f3n es la base de la Argentina del desarrollo. M\u00e1s educaci\u00f3n es m\u00e1s integraci\u00f3n social, algo fundamental para reducir la pobreza, corregir de a poco las desigualdades y asegurar la igualdad de oportunidades\u201d.<\/p>\n<p><strong>C\u00f3mo funciona \u201cTermin\u00e1 la secundaria\u201d<\/strong><br \/>\nDesde su lanzamiento en 2014, el programa \u201cTermin\u00e1 la secundaria\u201d ayud\u00f3 a 6.328 j\u00f3venes a obtener su t\u00edtulo. A partir de ahora, y aprovechando el desarrollo de las herramientas virtuales fortalecidas durante la pandemia, cualquier persona, desde la Quiaca hasta Ushuaia, va a poder ser alumna de la Ciudad y completar el secundario. El t\u00edtulo de Bachiller con orientaci\u00f3n en Ciencias Sociales y Humanidades, emitido por el Ministerio de Educaci\u00f3n de la Ciudad, tiene validez nacional. Para obtenerlo, los estudiantes deber\u00e1n aprobar 28 materias en aproximadamente tres a\u00f1os. La duraci\u00f3n va a depender de la cantidad de materias que tengan que realizar y el tiempo que puedan dedicarle. La modalidad de cursada permite que los estudiantes organicen sus tiempos y desarrollen sus actividades personales y laborales.<\/p>\n<p>En el campus virtual acceder\u00e1n a las clases, el material de estudio, las actividades, los trabajos pr\u00e1cticos y el calendario con todas las fechas importantes. Tambi\u00e9n podr\u00e1n acceder a videoconferencias en vivo y grabadas de los docentes de cada una de las materias. Los ex\u00e1menes se realizar\u00e1n en encuentros virtuales sincr\u00f3nicos en una franja horaria amplia para que todos puedan participar. Adem\u00e1s, en el campus virtual los alumnos van a contar con tutor\u00edas y espacios de apoyo de los docentes facilitadores pedag\u00f3gicos y\/o profesores. Los estudiantes que se encuentren en la Ciudad o alrededores podr\u00e1n asistir a las tutor\u00edas presenciales que se brindan en las instituciones donde funciona el programa.<\/p>\n<p>Foto:Marcos Brindicci \/ GCBA<\/p>\n","protected":false},"excerpt":{"rendered":"<p>A trav\u00e9s del programa \u00abTermin\u00e1 la Secundaria\u00bb, la Ciudad ofrece la posibilidad de completar los estudios desde cualquier parte del pa\u00eds de manera virtual y gratuita. \u00abLa Ciudad trabaja por una educaci\u00f3n que incluye en vez de excluir, que da oportunidades en vez de quitarlas, que salda una deuda hist\u00f3rica con todos los que fueron [&hellip;]<\/p>\n","protected":false},"author":3,"featured_media":42061,"comment_status":"open","ping_status":"open","sticky":false,"template":"","format":"standard","meta":{"_et_pb_use_builder":"","_et_pb_old_content":"","_et_gb_content_width":"","footnotes":""},"categories":[11,33],"tags":[],"class_list":["post-42057","post","type-post","status-publish","format-standard","has-post-thumbnail","hentry","category-ciudad","category-sociedad-y-cultura-2"],"_links":{"self":[{"href":"https:\/\/vocesdebaires.com.ar\/index.php\/wp-json\/wp\/v2\/posts\/42057"}],"collection":[{"href":"https:\/\/vocesdebaires.com.ar\/index.php\/wp-json\/wp\/v2\/posts"}],"about":[{"href":"https:\/\/vocesdebaires.com.ar\/index.php\/wp-json\/wp\/v2\/types\/post"}],"author":[{"embeddable":true,"href":"https:\/\/vocesdebaires.com.ar\/index.php\/wp-json\/wp\/v2\/users\/3"}],"replies":[{"embeddable":true,"href":"https:\/\/vocesdebaires.com.ar\/index.php\/wp-json\/wp\/v2\/comments?post=42057"}],"version-history":[{"count":1,"href":"https:\/\/vocesdebaires.com.ar\/index.php\/wp-json\/wp\/v2\/posts\/42057\/revisions"}],"predecessor-version":[{"id":42059,"href":"https:\/\/vocesdebaires.com.ar\/index.php\/wp-json\/wp\/v2\/posts\/42057\/revisions\/42059"}],"wp:featuredmedia":[{"embeddable":true,"href":"https:\/\/vocesdebaires.com.ar\/index.php\/wp-json\/wp\/v2\/media\/42061"}],"wp:attachment":[{"href":"https:\/\/vocesdebaires.com.ar\/index.php\/wp-json\/wp\/v2\/media?parent=42057"}],"wp:term":[{"taxonomy":"category","embeddable":true,"href":"https:\/\/vocesdebaires.com.ar\/index.php\/wp-json\/wp\/v2\/categories?post=42057"},{"taxonomy":"post_tag","embeddable":true,"href":"https:\/\/vocesdebaires.com.ar\/index.php\/wp-json\/wp\/v2\/tags?post=42057"}],"curies":[{"name":"wp","href":"https:\/\/api.w.org\/{rel}","templated":true}]}}