{"id":42074,"date":"2023-01-06T01:12:12","date_gmt":"2023-01-06T04:12:12","guid":{"rendered":"https:\/\/vocesdebaires.com.ar\/?p=42074"},"modified":"2023-01-06T01:12:12","modified_gmt":"2023-01-06T04:12:12","slug":"comenzaron-las-colonias-deportivas-de-la-ciudad-para-chicos-y-chicas","status":"publish","type":"post","link":"https:\/\/vocesdebaires.com.ar\/index.php\/2023\/01\/06\/comenzaron-las-colonias-deportivas-de-la-ciudad-para-chicos-y-chicas\/","title":{"rendered":"Comenzaron las Colonias Deportivas de la Ciudad para chicos y chicas"},"content":{"rendered":"<p>Desde el pasado lunes 2 de enero volvieron las Colonias Deportivas de la Ciudad, el programa que a\u00f1o a a\u00f1o re\u00fane a m\u00e1s de 20.000 ni\u00f1os y ni\u00f1as. La novedad de esta edici\u00f3n es que se extender\u00e1n hasta el viernes 3 de febrero. La propuesta es totalmente gratuita, dirigida a chicos y chicas de entre 4 y 12 a\u00f1os, y se desarrollar\u00e1 de lunes a viernes. Los ni\u00f1os y las ni\u00f1as recibir\u00e1n diariamente desayuno, almuerzo y merienda, y disfrutar\u00e1n de todas las actividades deportivas, recreativas y culturales que se ofrecen en las Colonias, siempre supervisados por profesores, m\u00e9dicos, psic\u00f3logos, nutricionistas y guardavidas.<\/p>\n<p><strong>Fechas en las cu\u00e1les se desarrollan las Colonias:<\/strong><br \/>\nComenzaron este lunes 2 de enero y finalizar\u00e1n el viernes 3 de febrero.<\/p>\n<p><strong>Qu\u00e9 necesitas para acceder a las Colonias Deportivas y qui\u00e9nes pueden asistir<\/strong><br \/>\nEs necesario, como requisito, residir en la Ciudad Aut\u00f3noma de Buenos Aires y tener entre 4 y 12 a\u00f1os cumplidos al inicio de la Colonia.<\/p>\n<p><strong>La Colonia dispone de alg\u00fan servicio de transporte<\/strong><br \/>\nLa Colonia no posee ning\u00fan servicio de transporte oficial; los pap\u00e1s deber\u00e1n llevar y retirar a los ni\u00f1os y las ni\u00f1as.<\/p>\n<p><strong>Altas y Bajas durante la Colonia<\/strong><br \/>\nAquellos que no asistan por tres d\u00edas consecutivos sin justificaci\u00f3n, perder\u00e1n el cupo y se dar\u00e1 lugar a los inscriptos en la lista de espera. La prioridad en la lista de espera ser\u00e1 dada por orden de inscripci\u00f3n y por sede. Estar inscripto en la misma no garantiza la confirmaci\u00f3n.<\/p>\n<p>Consideraciones generales<br \/>\nSi tu hijo o hija necesita una dieta especial<br \/>\nTen\u00e9s que presentar el certificado m\u00e9dico el primer d\u00eda de la colonia a los directores de la misma.<\/p>\n<p><strong>Si el nene o la nena requiere medicaci\u00f3n<\/strong><br \/>\nDeb\u00e9s informarlo al doctor de la Colonia por escrito, tambi\u00e9n el primer d\u00eda de Colonia.<\/p>\n<p><strong>Qu\u00e9 pasa si no pod\u00e9s pasar a buscar a tu hijo o hija por la Colonia<\/strong><br \/>\nEl ni\u00f1o debe retirarse con otra persona; la misma debe dejar sus datos y fotocopia del DNI al director de la Colonia.Aclaraci\u00f3n: el primer d\u00eda de Colonia, los padres deber\u00e1n acercar una lista de personas autorizadas para retirar a su hijo a lo largo del mes:<\/p>\n<p><strong>Nombre y apellido de la persona que retira.<\/strong><br \/>\n<strong>DNI<\/strong><br \/>\n<strong>N\u00famero de tel\u00e9fono<\/strong><br \/>\n<strong>Mail.<\/strong><\/p>\n<p><strong>D\u00edas de lluvia<\/strong><br \/>\n<strong>Si hubiera inconvenientes clim\u00e1ticos, se informar\u00e1 c\u00f3mo siguen las actividades en el caso de cada polideportivo o parque, dependiendo de la disponibilidad de espacios cerrados.<\/strong><\/p>\n","protected":false},"excerpt":{"rendered":"<p>Desde el pasado lunes 2 de enero volvieron las Colonias Deportivas de la Ciudad, el programa que a\u00f1o a a\u00f1o re\u00fane a m\u00e1s de 20.000 ni\u00f1os y ni\u00f1as. La novedad de esta edici\u00f3n es que se extender\u00e1n hasta el viernes 3 de febrero. La propuesta es totalmente gratuita, dirigida a chicos y chicas de entre [&hellip;]<\/p>\n","protected":false},"author":2,"featured_media":42075,"comment_status":"open","ping_status":"open","sticky":false,"template":"","format":"standard","meta":{"_et_pb_use_builder":"","_et_pb_old_content":"","_et_gb_content_width":"","footnotes":""},"categories":[11,33],"tags":[],"class_list":["post-42074","post","type-post","status-publish","format-standard","has-post-thumbnail","hentry","category-ciudad","category-sociedad-y-cultura-2"],"_links":{"self":[{"href":"https:\/\/vocesdebaires.com.ar\/index.php\/wp-json\/wp\/v2\/posts\/42074"}],"collection":[{"href":"https:\/\/vocesdebaires.com.ar\/index.php\/wp-json\/wp\/v2\/posts"}],"about":[{"href":"https:\/\/vocesdebaires.com.ar\/index.php\/wp-json\/wp\/v2\/types\/post"}],"author":[{"embeddable":true,"href":"https:\/\/vocesdebaires.com.ar\/index.php\/wp-json\/wp\/v2\/users\/2"}],"replies":[{"embeddable":true,"href":"https:\/\/vocesdebaires.com.ar\/index.php\/wp-json\/wp\/v2\/comments?post=42074"}],"version-history":[{"count":1,"href":"https:\/\/vocesdebaires.com.ar\/index.php\/wp-json\/wp\/v2\/posts\/42074\/revisions"}],"predecessor-version":[{"id":42076,"href":"https:\/\/vocesdebaires.com.ar\/index.php\/wp-json\/wp\/v2\/posts\/42074\/revisions\/42076"}],"wp:featuredmedia":[{"embeddable":true,"href":"https:\/\/vocesdebaires.com.ar\/index.php\/wp-json\/wp\/v2\/media\/42075"}],"wp:attachment":[{"href":"https:\/\/vocesdebaires.com.ar\/index.php\/wp-json\/wp\/v2\/media?parent=42074"}],"wp:term":[{"taxonomy":"category","embeddable":true,"href":"https:\/\/vocesdebaires.com.ar\/index.php\/wp-json\/wp\/v2\/categories?post=42074"},{"taxonomy":"post_tag","embeddable":true,"href":"https:\/\/vocesdebaires.com.ar\/index.php\/wp-json\/wp\/v2\/tags?post=42074"}],"curies":[{"name":"wp","href":"https:\/\/api.w.org\/{rel}","templated":true}]}}