{"id":4208,"date":"2019-12-17T03:00:00","date_gmt":"2019-12-17T06:00:00","guid":{"rendered":"http:\/\/vocesdebaires.com.ar\/wordpress\/index.php\/2019\/12\/17\/museo-de-flores-lanza-propuesta-para-chicos\/"},"modified":"2019-12-17T03:00:00","modified_gmt":"2019-12-17T06:00:00","slug":"museo-de-flores-lanza-propuesta-para-chicos","status":"publish","type":"post","link":"https:\/\/vocesdebaires.com.ar\/index.php\/2019\/12\/17\/museo-de-flores-lanza-propuesta-para-chicos\/","title":{"rendered":"Museo de Flores lanza propuesta para chicos"},"content":{"rendered":"<p>Este verano 2020, el Museo Barrio de Flores (Ram\u00f3n L. Falc\u00f3n 1893, casi esquina Carabobo) vuelve a ofrecer una propuesta diferente para que los m\u00e1s chicos disfruten de sus vacaciones. Tras el \u00e9xito de las ediciones de verano e invierno 2019, presenta un nuevo programa especial, esta vez con once talleres distintos por semana, orientados a chicos de 6 a 12 a\u00f1os. Los mismos tienen una duraci\u00f3n de una hora y media y se estar\u00e1n realizando de a dos por d\u00eda en el horario de 15:30 a 19:00, de lunes a viernes. Tambi\u00e9n incluye merienda y juegos tranquilos para que los chicos puedan dispersarse. Los talleres que se brindar\u00e1n son Cocina sin cocci\u00f3n, Confecci\u00f3n de T\u00edteres, Lanas Divertidas, Peque\u00f1os Cient\u00edficos, Modelado en Porcelana, Taller de Magia, Detectives en acci\u00f3n con Juegos de Ingenio, Taller de Ajedrez, Taller de Arte, Taller de Jardiner\u00eda y Astronom\u00eda para chicos.<\/p>\n<p>Vacaciones en el Museo \u2013 propuesta auspiciada por el Sal\u00f3n de Fiestas Reiroho \u2013 comienza el 2 de enero de 2020, se puede contratar por d\u00eda, semana o quincena e incluye los materiales. o requiere matr\u00edcula, se puede abonar en efectivo o por Mercado Pago y se realizan descuentos por hermanos. Para m\u00e1s informaci\u00f3n, los interesados pueden ingresar al siguiente link: Vacaciones de Verano en el Museo, comunicarse por WhatsApp al 112 611 9800 o al 4631 2910; o por mail a <a href=&quot;mailto:hola@museobarriodeflores.com.ar&quot;>hola@museobarriodeflores.com.ar<\/a><\/p>\n<p>El Museo Barrio de Flores, cuyas actividades en septiembre fueron declaradas de Inter\u00e9s Cultural en la Legislatura porte\u00f1a, es el primer museo dedicado a un barrio en toda la Ciudad de Buenos Aires.<br \/>Es una Asociaci\u00f3n Civil sin fines de lucro. Exhibe en ocho salas colecciones exclusivas y originales, objetos, cuadros, medallas, fotos, planos, postales e informaci\u00f3n sobre el barrio de Flores. Adem\u00e1s cuenta con dos aulas donde se realizan durante todo el a\u00f1o una veintena de cursos y una sala m\u00f3vil en la cual se llevan a cabo muestras rotativas especiales. En el segundo piso, cuenta con un SUM de 100 mts cuadrados que le permite realizar talleres, muestras y reuniones de mayor envergadura.<\/p>\n<p>Entre los diferenciales que posee el Museo Barrio de Flores se puede destacar que es pionero en la exposici\u00f3n permanente de una sala sobre el Papa Francisco, vecino ilustre del barrio, y presenta una sala con obras originales del escritor Cesar Aira, vecino candidato a premio Nobel de Literatura 2016\/2017\/2019 con m\u00e1s de 100 obras publicadas en 20 pa\u00edses. Este emprendimiento cultural funciona en una gran casa tipo Petit Hotel en el coraz\u00f3n del barrio, sobre la calle Ramo\u0301n L. Falc\u00f3n a pocos metros de la Avenida Carabobo. Su ubicaci\u00f3n estrat\u00e9gica le permite estar conectado a 100 metros con la L\u00ednea A de Subterr\u00e1neos y a la Av. Rivadavia, con m\u00e1s de 20 l\u00edneas de colectivos.<\/p>\n","protected":false},"excerpt":{"rendered":"<p>Este verano 2020, el Museo Barrio de Flores (Ram\u00f3n L. Falc\u00f3n 1893, casi esquina Carabobo) vuelve a ofrecer una propuesta diferente para que los m\u00e1s chicos disfruten de sus vacaciones. Tras el \u00e9xito de las ediciones de verano e invierno 2019, presenta un nuevo programa especial, esta vez con once talleres distintos por semana, orientados [&hellip;]<\/p>\n","protected":false},"author":1,"featured_media":4209,"comment_status":"open","ping_status":"open","sticky":false,"template":"","format":"standard","meta":{"_et_pb_use_builder":"","_et_pb_old_content":"","_et_gb_content_width":"","footnotes":""},"categories":[11,32],"tags":[],"class_list":["post-4208","post","type-post","status-publish","format-standard","has-post-thumbnail","hentry","category-ciudad","category-comunas"],"_links":{"self":[{"href":"https:\/\/vocesdebaires.com.ar\/index.php\/wp-json\/wp\/v2\/posts\/4208"}],"collection":[{"href":"https:\/\/vocesdebaires.com.ar\/index.php\/wp-json\/wp\/v2\/posts"}],"about":[{"href":"https:\/\/vocesdebaires.com.ar\/index.php\/wp-json\/wp\/v2\/types\/post"}],"author":[{"embeddable":true,"href":"https:\/\/vocesdebaires.com.ar\/index.php\/wp-json\/wp\/v2\/users\/1"}],"replies":[{"embeddable":true,"href":"https:\/\/vocesdebaires.com.ar\/index.php\/wp-json\/wp\/v2\/comments?post=4208"}],"version-history":[{"count":0,"href":"https:\/\/vocesdebaires.com.ar\/index.php\/wp-json\/wp\/v2\/posts\/4208\/revisions"}],"wp:featuredmedia":[{"embeddable":true,"href":"https:\/\/vocesdebaires.com.ar\/index.php\/wp-json\/wp\/v2\/media\/4209"}],"wp:attachment":[{"href":"https:\/\/vocesdebaires.com.ar\/index.php\/wp-json\/wp\/v2\/media?parent=4208"}],"wp:term":[{"taxonomy":"category","embeddable":true,"href":"https:\/\/vocesdebaires.com.ar\/index.php\/wp-json\/wp\/v2\/categories?post=4208"},{"taxonomy":"post_tag","embeddable":true,"href":"https:\/\/vocesdebaires.com.ar\/index.php\/wp-json\/wp\/v2\/tags?post=4208"}],"curies":[{"name":"wp","href":"https:\/\/api.w.org\/{rel}","templated":true}]}}