{"id":42116,"date":"2023-01-10T00:00:41","date_gmt":"2023-01-10T03:00:41","guid":{"rendered":"https:\/\/vocesdebaires.com.ar\/?p=42116"},"modified":"2023-01-09T17:30:33","modified_gmt":"2023-01-09T20:30:33","slug":"repudio-por-denuncia-del-interventor-de-la-afi-contra-los-periodistas","status":"publish","type":"post","link":"https:\/\/vocesdebaires.com.ar\/index.php\/2023\/01\/10\/repudio-por-denuncia-del-interventor-de-la-afi-contra-los-periodistas\/","title":{"rendered":"Repudio por denuncia del interventor de la AFI contra los periodistas"},"content":{"rendered":"<p>El Legislador porte\u00f1o Facundo Del Gaiso (Coalici\u00f3n C\u00edvica) present\u00f3 un proyecto de preocupaci\u00f3n y repudio por la denuncia efectuada por el interventor de la AFI contra los periodistas Joaqu\u00edn Morales Sol\u00e1 y Daniel Santoro. \u201cEsto es un funcionario del Gobierno Nacional que ataca directamente la libertad de expresi\u00f3n. Primero fueron por la Justicia, contra la Corte Suprema, fueron contra la Ciudad de Buenos Aires. Usaron los servicios de inteligencia para espiar a funcionarios y ahora van por los periodistas.\u201d, expres\u00f3 Del Gaiso.\u00a0 Agust\u00edn Rossi, interventor de la Agencia Federal de Inteligencia (AFI), denunci\u00f3 a los periodistas Joaqu\u00edn Morales Sol\u00e1 del Diario La Naci\u00f3n y Daniel Santoro de Clar\u00edn, luego de que publicaron art\u00edculos sobre una presunta mesa militar dedicada a investigar personas opositoras al actual gobierno nacional. \u201cNuestra Constituci\u00f3n Nacional consagra el derecho a la libertad de expresi\u00f3n, adem\u00e1s de estar contemplado en tratados internacionales con jerarqu\u00eda constitucional.\u201d explic\u00f3 el legislador y a\u00f1adi\u00f3: \u201cLos periodistas son guardianes del inter\u00e9s p\u00fablico y tienen el rol de ponderar si los secretos que las instituciones p\u00fablicas guardan son leg\u00edtimos o no. En especial, en una agencia de enorme importancia institucional, como la AFI, es especialmente relevante que el periodismo indague e informe a la sociedad sobre su estado de situaci\u00f3n\u201d.<\/p>\n","protected":false},"excerpt":{"rendered":"<p>El Legislador porte\u00f1o Facundo Del Gaiso (Coalici\u00f3n C\u00edvica) present\u00f3 un proyecto de preocupaci\u00f3n y repudio por la denuncia efectuada por el interventor de la AFI contra los periodistas Joaqu\u00edn Morales Sol\u00e1 y Daniel Santoro. \u201cEsto es un funcionario del Gobierno Nacional que ataca directamente la libertad de expresi\u00f3n. Primero fueron por la Justicia, contra la [&hellip;]<\/p>\n","protected":false},"author":2,"featured_media":42117,"comment_status":"open","ping_status":"open","sticky":false,"template":"","format":"standard","meta":{"_et_pb_use_builder":"","_et_pb_old_content":"","_et_gb_content_width":"","footnotes":""},"categories":[11,33],"tags":[],"class_list":["post-42116","post","type-post","status-publish","format-standard","has-post-thumbnail","hentry","category-ciudad","category-sociedad-y-cultura-2"],"_links":{"self":[{"href":"https:\/\/vocesdebaires.com.ar\/index.php\/wp-json\/wp\/v2\/posts\/42116"}],"collection":[{"href":"https:\/\/vocesdebaires.com.ar\/index.php\/wp-json\/wp\/v2\/posts"}],"about":[{"href":"https:\/\/vocesdebaires.com.ar\/index.php\/wp-json\/wp\/v2\/types\/post"}],"author":[{"embeddable":true,"href":"https:\/\/vocesdebaires.com.ar\/index.php\/wp-json\/wp\/v2\/users\/2"}],"replies":[{"embeddable":true,"href":"https:\/\/vocesdebaires.com.ar\/index.php\/wp-json\/wp\/v2\/comments?post=42116"}],"version-history":[{"count":1,"href":"https:\/\/vocesdebaires.com.ar\/index.php\/wp-json\/wp\/v2\/posts\/42116\/revisions"}],"predecessor-version":[{"id":42118,"href":"https:\/\/vocesdebaires.com.ar\/index.php\/wp-json\/wp\/v2\/posts\/42116\/revisions\/42118"}],"wp:featuredmedia":[{"embeddable":true,"href":"https:\/\/vocesdebaires.com.ar\/index.php\/wp-json\/wp\/v2\/media\/42117"}],"wp:attachment":[{"href":"https:\/\/vocesdebaires.com.ar\/index.php\/wp-json\/wp\/v2\/media?parent=42116"}],"wp:term":[{"taxonomy":"category","embeddable":true,"href":"https:\/\/vocesdebaires.com.ar\/index.php\/wp-json\/wp\/v2\/categories?post=42116"},{"taxonomy":"post_tag","embeddable":true,"href":"https:\/\/vocesdebaires.com.ar\/index.php\/wp-json\/wp\/v2\/tags?post=42116"}],"curies":[{"name":"wp","href":"https:\/\/api.w.org\/{rel}","templated":true}]}}