{"id":42119,"date":"2023-01-10T00:00:18","date_gmt":"2023-01-10T03:00:18","guid":{"rendered":"https:\/\/vocesdebaires.com.ar\/?p=42119"},"modified":"2023-01-09T17:34:10","modified_gmt":"2023-01-09T20:34:10","slug":"amiainsercion-laboral-una-de-las-metas-de-nuestro-servicio-de-empleo","status":"publish","type":"post","link":"https:\/\/vocesdebaires.com.ar\/index.php\/2023\/01\/10\/amiainsercion-laboral-una-de-las-metas-de-nuestro-servicio-de-empleo\/","title":{"rendered":"AMIA:Inserci\u00f3n laboral, una de las metas de nuestro Servicio de Empleo"},"content":{"rendered":"<p>Con un equipo de profesionales que considera al empleo como la fuente esencial para el desarrollo y el sentido de dignidad de las personas, el Servicio de Empleo AMIA trabaja para lograr que todas las personas puedan hallar su lugar en el mundo del trabajo. Con el deseo de que en este nuevo a\u00f1o traiga m\u00e1s y mejores oportunidades, la red de empleo no p\u00fablica m\u00e1s importante del pa\u00eds difundi\u00f3 sus l\u00edneas de trabajo y los logros alcanzados durante 2022. Una nueva sede en Viedma, la gran cantidad de participantes en los talleres de orientaci\u00f3n laboral y de capacitaci\u00f3n t\u00e9cnica, y el procesamiento de 1.380 ofertas de empleo para empresas, gobiernos y organizaciones sin fines de lucro, figuran entre los hechos m\u00e1s destacados del a\u00f1o pasado.<\/p>\n","protected":false},"excerpt":{"rendered":"<p>Con un equipo de profesionales que considera al empleo como la fuente esencial para el desarrollo y el sentido de dignidad de las personas, el Servicio de Empleo AMIA trabaja para lograr que todas las personas puedan hallar su lugar en el mundo del trabajo. Con el deseo de que en este nuevo a\u00f1o traiga [&hellip;]<\/p>\n","protected":false},"author":2,"featured_media":42120,"comment_status":"open","ping_status":"open","sticky":false,"template":"","format":"standard","meta":{"_et_pb_use_builder":"","_et_pb_old_content":"","_et_gb_content_width":"","footnotes":""},"categories":[11,33],"tags":[],"class_list":["post-42119","post","type-post","status-publish","format-standard","has-post-thumbnail","hentry","category-ciudad","category-sociedad-y-cultura-2"],"_links":{"self":[{"href":"https:\/\/vocesdebaires.com.ar\/index.php\/wp-json\/wp\/v2\/posts\/42119"}],"collection":[{"href":"https:\/\/vocesdebaires.com.ar\/index.php\/wp-json\/wp\/v2\/posts"}],"about":[{"href":"https:\/\/vocesdebaires.com.ar\/index.php\/wp-json\/wp\/v2\/types\/post"}],"author":[{"embeddable":true,"href":"https:\/\/vocesdebaires.com.ar\/index.php\/wp-json\/wp\/v2\/users\/2"}],"replies":[{"embeddable":true,"href":"https:\/\/vocesdebaires.com.ar\/index.php\/wp-json\/wp\/v2\/comments?post=42119"}],"version-history":[{"count":1,"href":"https:\/\/vocesdebaires.com.ar\/index.php\/wp-json\/wp\/v2\/posts\/42119\/revisions"}],"predecessor-version":[{"id":42121,"href":"https:\/\/vocesdebaires.com.ar\/index.php\/wp-json\/wp\/v2\/posts\/42119\/revisions\/42121"}],"wp:featuredmedia":[{"embeddable":true,"href":"https:\/\/vocesdebaires.com.ar\/index.php\/wp-json\/wp\/v2\/media\/42120"}],"wp:attachment":[{"href":"https:\/\/vocesdebaires.com.ar\/index.php\/wp-json\/wp\/v2\/media?parent=42119"}],"wp:term":[{"taxonomy":"category","embeddable":true,"href":"https:\/\/vocesdebaires.com.ar\/index.php\/wp-json\/wp\/v2\/categories?post=42119"},{"taxonomy":"post_tag","embeddable":true,"href":"https:\/\/vocesdebaires.com.ar\/index.php\/wp-json\/wp\/v2\/tags?post=42119"}],"curies":[{"name":"wp","href":"https:\/\/api.w.org\/{rel}","templated":true}]}}