{"id":42139,"date":"2023-01-12T00:00:08","date_gmt":"2023-01-12T03:00:08","guid":{"rendered":"https:\/\/vocesdebaires.com.ar\/?p=42139"},"modified":"2023-01-11T15:46:54","modified_gmt":"2023-01-11T18:46:54","slug":"la-ciudadse-convirtio-en-una-de-las-capitales-mas-seguras-de-america","status":"publish","type":"post","link":"https:\/\/vocesdebaires.com.ar\/index.php\/2023\/01\/12\/la-ciudadse-convirtio-en-una-de-las-capitales-mas-seguras-de-america\/","title":{"rendered":"La ciudad:se convirti\u00f3 en una de las capitales m\u00e1s seguras de Am\u00e9rica"},"content":{"rendered":"<p>La Ciudad tuvo en 2022 la m\u00e1s baja cantidad de homicidios en 28 a\u00f1os, de acuerdo a informaci\u00f3n preliminar que surge del Mapa del Delito. Este es el resultado de una pol\u00edtica implementada a partir de 2017 cuando se cre\u00f3 el Sistema Integral de Seguridad P\u00fablica que permiti\u00f3 desarrollar un m\u00e9todo de trabajo moderno para unificar la lucha contra el delito. El anuncio lo hizo el jefe de Gabinete porte\u00f1o, Felipe Miguel, quien estuvo acompa\u00f1ado por el ministro de Justicia y Seguridad, Marcelo D&#8217;Alessandro, el secretario de Asuntos P\u00fablicos, Waldo Wolff, y el jefe de la Polic\u00eda de la Ciudad, Gabriel Oscar Berard.<\/p>\n<p>\u00abA\u00f1o tras a\u00f1o bajan los delitos en la Ciudad. A partir de una acci\u00f3n conjunta, hoy somos la segunda capital m\u00e1s segura de toda Am\u00e9rica. La seguridad, lo decimos siempre, es una prioridad para nosotros. Trabajamos con una estrategia en la ejecuci\u00f3n de un plan integral y ac\u00e1 est\u00e1n los resultados\u00bb, detall\u00f3 Felipe Miguel.<br \/>\nM\u00e1s polic\u00edas en las calles, capacitaci\u00f3n, equipamiento, tecnolog\u00eda, cercan\u00eda con la gente y control de gesti\u00f3n civil fueron determinantes para mejorar la seguridad de los vecinos.<\/p>\n<p>Buenos Aires se convierte as\u00ed en la Ciudad capital m\u00e1s segura de Am\u00e9rica Latina, y la segunda del continente, despu\u00e9s de Ottawa (Canad\u00e1).\u00bbPresentar estos datos nos llena de orgullo y nos marca que estamos en el camino correcto. Asumimos el compromiso mientras otros miraban para un costado. Cuando no hay seguridad, se pierde el derecho. Trabajamos para devolverle la libertad a los vecinos y a las millones de personas que entran a diario a la Ciudad\u00bb, agreg\u00f3 D&#8217;Alessandro.<\/p>\n<p>Los datos de 2022 se comparan con los de 2019, \u00faltimo a\u00f1o de normalidad antes de la pandemia, y con 2016 cuando arranc\u00f3 la gesti\u00f3n del jefe de Gobierno porte\u00f1o, Horacio Rodr\u00edguez Larreta. La tasa de homicidios cada 100 mil habitantes en 2022 se ubic\u00f3 en 2,86. No estaba por debajo de 3 desde 1995. En 2022 los femicidios bajaron 50% respecto a 2019 (5 v\u00edctimas en 2022 y 10 en 2019), y 67% respecto a 2021 (15). Es una de las tasas de femicidios sobre 100 mil mujeres m\u00e1s bajas del pa\u00eds: 0,31, frente a un promedio nacional de 0,99 en 2021, seg\u00fan la Oficina de la Mujer de la Corte Suprema de Justicia de la Naci\u00f3n.<\/p>\n<p><strong>Qu\u00e9 es el Mapa del Delito<\/strong><br \/>\nEl Mapa del Delito fue dispuesto mediante la Ley 5.688 que cre\u00f3 el Sistema Integral de Seguridad P\u00fablica porte\u00f1o y a la Polic\u00eda de la Ciudad. Constituye una herramienta de gesti\u00f3n dirigida a la recopilaci\u00f3n, procesamiento y an\u00e1lisis de la informaci\u00f3n concerniente a las actividades delictivas que se desarrollan en la Ciudad. Se publica anualmente y lo realiza la Subsecretar\u00eda de Seguridad Comunal e Investigaci\u00f3n Criminal del Ministerio de Justicia y Seguridad de la Ciudad.<\/p>\n<p><strong>El Mapa del Delito tiene por finalidad:<\/strong><br \/>\nAvanzar en la elaboraci\u00f3n de un diagn\u00f3stico certero de las causas y procesos que confluyen en los hechos delictivos registrados en las distintas comunas.<br \/>\nContribuir a la elaboraci\u00f3n de estrategias de prevenci\u00f3n y conjuraci\u00f3n del delito.Promover un direccionamiento estrat\u00e9gico de los recursos humanos y log\u00edsticos de los servicios de seguridad. Favorecer una respuesta oportuna a los requerimientos de la poblaci\u00f3n en materia de seguridad.<\/p>\n","protected":false},"excerpt":{"rendered":"<p>La Ciudad tuvo en 2022 la m\u00e1s baja cantidad de homicidios en 28 a\u00f1os, de acuerdo a informaci\u00f3n preliminar que surge del Mapa del Delito. Este es el resultado de una pol\u00edtica implementada a partir de 2017 cuando se cre\u00f3 el Sistema Integral de Seguridad P\u00fablica que permiti\u00f3 desarrollar un m\u00e9todo de trabajo moderno para [&hellip;]<\/p>\n","protected":false},"author":3,"featured_media":42140,"comment_status":"open","ping_status":"open","sticky":false,"template":"","format":"standard","meta":{"_et_pb_use_builder":"","_et_pb_old_content":"","_et_gb_content_width":"","footnotes":""},"categories":[11,33],"tags":[],"class_list":["post-42139","post","type-post","status-publish","format-standard","has-post-thumbnail","hentry","category-ciudad","category-sociedad-y-cultura-2"],"_links":{"self":[{"href":"https:\/\/vocesdebaires.com.ar\/index.php\/wp-json\/wp\/v2\/posts\/42139"}],"collection":[{"href":"https:\/\/vocesdebaires.com.ar\/index.php\/wp-json\/wp\/v2\/posts"}],"about":[{"href":"https:\/\/vocesdebaires.com.ar\/index.php\/wp-json\/wp\/v2\/types\/post"}],"author":[{"embeddable":true,"href":"https:\/\/vocesdebaires.com.ar\/index.php\/wp-json\/wp\/v2\/users\/3"}],"replies":[{"embeddable":true,"href":"https:\/\/vocesdebaires.com.ar\/index.php\/wp-json\/wp\/v2\/comments?post=42139"}],"version-history":[{"count":1,"href":"https:\/\/vocesdebaires.com.ar\/index.php\/wp-json\/wp\/v2\/posts\/42139\/revisions"}],"predecessor-version":[{"id":42141,"href":"https:\/\/vocesdebaires.com.ar\/index.php\/wp-json\/wp\/v2\/posts\/42139\/revisions\/42141"}],"wp:featuredmedia":[{"embeddable":true,"href":"https:\/\/vocesdebaires.com.ar\/index.php\/wp-json\/wp\/v2\/media\/42140"}],"wp:attachment":[{"href":"https:\/\/vocesdebaires.com.ar\/index.php\/wp-json\/wp\/v2\/media?parent=42139"}],"wp:term":[{"taxonomy":"category","embeddable":true,"href":"https:\/\/vocesdebaires.com.ar\/index.php\/wp-json\/wp\/v2\/categories?post=42139"},{"taxonomy":"post_tag","embeddable":true,"href":"https:\/\/vocesdebaires.com.ar\/index.php\/wp-json\/wp\/v2\/tags?post=42139"}],"curies":[{"name":"wp","href":"https:\/\/api.w.org\/{rel}","templated":true}]}}