{"id":42143,"date":"2023-01-13T00:00:20","date_gmt":"2023-01-13T03:00:20","guid":{"rendered":"https:\/\/vocesdebaires.com.ar\/?p=42143"},"modified":"2023-01-12T22:32:13","modified_gmt":"2023-01-13T01:32:13","slug":"ciudadcayo-en-jose-c-paz-una-mujer-que-estaba-profuga-por-cometer-hurtos","status":"publish","type":"post","link":"https:\/\/vocesdebaires.com.ar\/index.php\/2023\/01\/13\/ciudadcayo-en-jose-c-paz-una-mujer-que-estaba-profuga-por-cometer-hurtos\/","title":{"rendered":"Ciudad:Cay\u00f3 una mujer que estaba pr\u00f3fuga por cometer hurtos"},"content":{"rendered":"<p>Personal de la Divisi\u00f3n Capturas y Pr\u00f3fugos, dependiente del Departamento B\u00fasqueda de Personas, fue solicitado por la Unidad Fiscal Especializada en Investigaci\u00f3n Criminal Compleja (UFECRI) a cargo del doctor Jos\u00e9 Mar\u00eda Campagnoli y ante la Secretar\u00eda del doctor Juan Bello, a solicitud del Juzgado Nacional en lo Criminal y Correccional 34, para realizar tareas y dar con el paradero y detenci\u00f3n de una mujer que fue declarada en rebeld\u00eda desde el pasado 9 de noviembre por encontrarse imputada en una causa de hurto. En consecuencia, se le asign\u00f3 la investigaci\u00f3n al personal de la brigada Capturas 14 y mediante la recopilaci\u00f3n de informaci\u00f3n y tareas de campo logr\u00f3 establecer que la buscada podr\u00eda encontrase residiendo en Jos\u00e9 C. Paz, provincia de Buenos Aires.<\/p>\n<p>En virtud de ello y producto de las tareas efectuadas en ese lugar, la mujer fue interceptada en el cruce de las calles Miguel \u00c1ngel Buonarotti y Amado Nervo.<br \/>\nAl consultar con el magistrado a cargo del caso, se dispuso su inmediata detenci\u00f3n y traslado a la dependencia de seguridad. En cuanto a los delitos que se les acusa, tuvieron que ver con hurtos cometidos entre 2019 y 2022 cuando ella era contratada como personal dom\u00e9stico y se ganaba la confianza de los empleadores. Se comprob\u00f3 que sustrajo alrededor 8.000 d\u00f3lares, relojes, alhajas y 730.000 pesos.<\/p>\n","protected":false},"excerpt":{"rendered":"<p>Personal de la Divisi\u00f3n Capturas y Pr\u00f3fugos, dependiente del Departamento B\u00fasqueda de Personas, fue solicitado por la Unidad Fiscal Especializada en Investigaci\u00f3n Criminal Compleja (UFECRI) a cargo del doctor Jos\u00e9 Mar\u00eda Campagnoli y ante la Secretar\u00eda del doctor Juan Bello, a solicitud del Juzgado Nacional en lo Criminal y Correccional 34, para realizar tareas y [&hellip;]<\/p>\n","protected":false},"author":2,"featured_media":42144,"comment_status":"open","ping_status":"open","sticky":false,"template":"","format":"standard","meta":{"_et_pb_use_builder":"","_et_pb_old_content":"","_et_gb_content_width":"","footnotes":""},"categories":[11,33],"tags":[],"class_list":["post-42143","post","type-post","status-publish","format-standard","has-post-thumbnail","hentry","category-ciudad","category-sociedad-y-cultura-2"],"_links":{"self":[{"href":"https:\/\/vocesdebaires.com.ar\/index.php\/wp-json\/wp\/v2\/posts\/42143"}],"collection":[{"href":"https:\/\/vocesdebaires.com.ar\/index.php\/wp-json\/wp\/v2\/posts"}],"about":[{"href":"https:\/\/vocesdebaires.com.ar\/index.php\/wp-json\/wp\/v2\/types\/post"}],"author":[{"embeddable":true,"href":"https:\/\/vocesdebaires.com.ar\/index.php\/wp-json\/wp\/v2\/users\/2"}],"replies":[{"embeddable":true,"href":"https:\/\/vocesdebaires.com.ar\/index.php\/wp-json\/wp\/v2\/comments?post=42143"}],"version-history":[{"count":2,"href":"https:\/\/vocesdebaires.com.ar\/index.php\/wp-json\/wp\/v2\/posts\/42143\/revisions"}],"predecessor-version":[{"id":42146,"href":"https:\/\/vocesdebaires.com.ar\/index.php\/wp-json\/wp\/v2\/posts\/42143\/revisions\/42146"}],"wp:featuredmedia":[{"embeddable":true,"href":"https:\/\/vocesdebaires.com.ar\/index.php\/wp-json\/wp\/v2\/media\/42144"}],"wp:attachment":[{"href":"https:\/\/vocesdebaires.com.ar\/index.php\/wp-json\/wp\/v2\/media?parent=42143"}],"wp:term":[{"taxonomy":"category","embeddable":true,"href":"https:\/\/vocesdebaires.com.ar\/index.php\/wp-json\/wp\/v2\/categories?post=42143"},{"taxonomy":"post_tag","embeddable":true,"href":"https:\/\/vocesdebaires.com.ar\/index.php\/wp-json\/wp\/v2\/tags?post=42143"}],"curies":[{"name":"wp","href":"https:\/\/api.w.org\/{rel}","templated":true}]}}