{"id":42150,"date":"2023-01-13T00:00:21","date_gmt":"2023-01-13T03:00:21","guid":{"rendered":"https:\/\/vocesdebaires.com.ar\/?p=42150"},"modified":"2023-01-12T22:41:11","modified_gmt":"2023-01-13T01:41:11","slug":"verano-23fiesta-de-la-juventud-en-el-balneario-municipal-de-tapalque","status":"publish","type":"post","link":"https:\/\/vocesdebaires.com.ar\/index.php\/2023\/01\/13\/verano-23fiesta-de-la-juventud-en-el-balneario-municipal-de-tapalque\/","title":{"rendered":"Verano 23:Fiesta de la juventud en el balneario Municipal de Tapalqu\u00e9"},"content":{"rendered":"<p>El pr\u00f3ximo domingo 15 de enero el escenario del Balneario Municipal de Tapalqu\u00e9 estar\u00e1 dedicado a los j\u00f3venes y sus diferentes expresiones art\u00edsticas, especialmente la m\u00fasica. Tras una Gran jornada de la Fiesta de la Juventud, el cierre del encuentro estar\u00e1 cargo de la banda de cumbia lapridense Kamikaze, ganadores de una medalla de oro en los Juegos Bonaerenses 2022. Tambi\u00e9n se presentar\u00e1n en el escenario: Lucas Andisco (Tapalqu\u00e9) Papi F\u00fatbol (Tapalqu\u00e9), DJ Ariel Avila (Tapalqu\u00e9), Cachacumbia (Gral. Alvear) y Kamikaze.<\/p>\n<p>Como todos los a\u00f1os para sumarle a\u00fan m\u00e1s alegr\u00eda a los encuentros habr\u00e1 una M\u00e1quina de Espuma y diversas propuestas de entretenimiento para toda la familia, agregado a lo que ofrece el Balneario Municipal de Tapalqu\u00e9 cada fin de semana. Tambi\u00e9n se realizar\u00e1n visitas guiadas, se podr\u00e1 recorrer el patio de gastron\u00f3mico con diversas propuestas y caminar por el paseo de artesanos y emprendedores. Todas las Fiestas del Balneario Municipal son con entrada libre y gratuita.<\/p>\n<p><strong>C\u00f3mo llegar<\/strong><br \/>\nEl fin de semana es ideal para una escapada a Tapalqu\u00e9. Desde Caba hay que tomar el camino a Ezeiza, seguir por la RP 205 y doblar por la Ruta 51 y as\u00ed llegar hasta este rinc\u00f3n tranquilo, con apenas 10.000 habitantes, donde se puede disfrutar del extenso Balneario Municipal, las piletas, la rica comida local y mucho m\u00e1s.<br \/>\nCada s\u00e1bado y domingo, la Secretar\u00eda de Turismo ofrece visitas guiadas en forma totalmente gratuita es su bus el\u00e9ctrico, adem\u00e1s de un abanico de actividades que a medida que transcurren las horas se convierten en atractivo para locales y visitantes.<\/p>\n<p><strong>Actividades para este verano<\/strong><br \/>\n<strong>Enero 2023 <\/strong><br \/>\n<strong>D\u00eda 15 Fiesta de la Juventud <\/strong><br \/>\n<strong>D\u00eda 22 Fiesta Retro <\/strong><br \/>\n<strong>D\u00eda 29 Fiesta de las colectividades<\/strong><\/p>\n<p><strong>Para conocer m\u00e1s, se puede acceder a las redes sociales en<\/strong> @tapalque.enamora\u00a0 \u00a0 \u00a0O en nuestra p\u00e1gina web a www.tapalque.tur.ar<\/p>\n","protected":false},"excerpt":{"rendered":"<p>El pr\u00f3ximo domingo 15 de enero el escenario del Balneario Municipal de Tapalqu\u00e9 estar\u00e1 dedicado a los j\u00f3venes y sus diferentes expresiones art\u00edsticas, especialmente la m\u00fasica. Tras una Gran jornada de la Fiesta de la Juventud, el cierre del encuentro estar\u00e1 cargo de la banda de cumbia lapridense Kamikaze, ganadores de una medalla de oro [&hellip;]<\/p>\n","protected":false},"author":2,"featured_media":42151,"comment_status":"open","ping_status":"open","sticky":false,"template":"","format":"standard","meta":{"_et_pb_use_builder":"","_et_pb_old_content":"","_et_gb_content_width":"","footnotes":""},"categories":[13],"tags":[],"class_list":["post-42150","post","type-post","status-publish","format-standard","has-post-thumbnail","hentry","category-provincia"],"_links":{"self":[{"href":"https:\/\/vocesdebaires.com.ar\/index.php\/wp-json\/wp\/v2\/posts\/42150"}],"collection":[{"href":"https:\/\/vocesdebaires.com.ar\/index.php\/wp-json\/wp\/v2\/posts"}],"about":[{"href":"https:\/\/vocesdebaires.com.ar\/index.php\/wp-json\/wp\/v2\/types\/post"}],"author":[{"embeddable":true,"href":"https:\/\/vocesdebaires.com.ar\/index.php\/wp-json\/wp\/v2\/users\/2"}],"replies":[{"embeddable":true,"href":"https:\/\/vocesdebaires.com.ar\/index.php\/wp-json\/wp\/v2\/comments?post=42150"}],"version-history":[{"count":1,"href":"https:\/\/vocesdebaires.com.ar\/index.php\/wp-json\/wp\/v2\/posts\/42150\/revisions"}],"predecessor-version":[{"id":42152,"href":"https:\/\/vocesdebaires.com.ar\/index.php\/wp-json\/wp\/v2\/posts\/42150\/revisions\/42152"}],"wp:featuredmedia":[{"embeddable":true,"href":"https:\/\/vocesdebaires.com.ar\/index.php\/wp-json\/wp\/v2\/media\/42151"}],"wp:attachment":[{"href":"https:\/\/vocesdebaires.com.ar\/index.php\/wp-json\/wp\/v2\/media?parent=42150"}],"wp:term":[{"taxonomy":"category","embeddable":true,"href":"https:\/\/vocesdebaires.com.ar\/index.php\/wp-json\/wp\/v2\/categories?post=42150"},{"taxonomy":"post_tag","embeddable":true,"href":"https:\/\/vocesdebaires.com.ar\/index.php\/wp-json\/wp\/v2\/tags?post=42150"}],"curies":[{"name":"wp","href":"https:\/\/api.w.org\/{rel}","templated":true}]}}