{"id":42154,"date":"2023-01-13T00:00:19","date_gmt":"2023-01-13T03:00:19","guid":{"rendered":"https:\/\/vocesdebaires.com.ar\/?p=42154"},"modified":"2023-01-12T22:47:17","modified_gmt":"2023-01-13T01:47:17","slug":"larreta-presencio-como-se-controlo-el-incendio-en-la-reserva-ecologica","status":"publish","type":"post","link":"https:\/\/vocesdebaires.com.ar\/index.php\/2023\/01\/13\/larreta-presencio-como-se-controlo-el-incendio-en-la-reserva-ecologica\/","title":{"rendered":"Larreta presenci\u00f3 como se control\u00f3 el incendio en la Reserva Ecol\u00f3gica"},"content":{"rendered":"<p>El Jefe de Gobierno de la Ciudad, Horacio Rodr\u00edguez Larreta, recorri\u00f3 a la madrugada la zona y destac\u00f3 el operativo para controlar el incendio en la Reserva Ecol\u00f3gica. \u00abUn foco de incendio en la Reserva Ecol\u00f3gica Costanera Sur alert\u00f3 a unos vecinos que avisaron inmediatamente al 911. El calor y el viento hab\u00edan hecho que se propagara r\u00e1pido, y fue fundamental ese aviso para que actu\u00e1ramos\u00bb, explic\u00f3 el Jefe de Gobierno. Bomberos de la Ciudad continuaban esta ma\u00f1ana con las tareas para controlar los incendios que se iniciaron ayer por la tarde en la Reserva Ecol\u00f3gica Costanera Sur y que se prolongaron durante la madrugada.<\/p>\n<p>En el \u00e1rea donde hay una base de antenas se realiz\u00f3 una inspecci\u00f3n a primera hora del d\u00eda en la que ya no se ve\u00eda humo ni restos con fuego en la vegetaci\u00f3n. Mientras que del lado de la Ribera, aproximadamente a 1.000 metros, tambi\u00e9n contin\u00faan los trabajos. Los \u00faltimos focos registrados, tras m\u00e1s de 12 horas de trabajo, se daban a unos 350 metros del sendero Los Sauces, de unos 100 metros de frente y 30 de alto, combatido por dos dotaciones mediante l\u00edneas de alta presi\u00f3n.<\/p>\n<p>Otra unidad us\u00f3 tambi\u00e9n mangueras de alta presi\u00f3n entre los puestos 2 y 3. el pasado mi\u00e9rcoles por la tarde Bomberos de la Ciudad y personal de la Comisar\u00eda Vecinal 1 E de la Polic\u00eda de la Ciudad fueron desplazados cuando ingresaron llamados al 911 por incendios de pastizales en la Reserva, donde se constat\u00f3 un frente de fuego de unos 300 metros. Entonces, la Reserva fue desalojada por seguridad y para permitir el despliegue de los equipos de la Ciudad.<\/p>\n<p>Llegaron Bomberos de la Ciudad de los Destacamentos de La Boca y Barracas, cinco dotaciones de Bomberos de la Polic\u00eda Federal, junto a personal de la Brigada Federal de Rescate (BEFER), la Brigada de Riesgos Forestales, y Bomberos Voluntarios de Puerto Madero, La Boca, Barracas y San Telmo. \u00abGracias a todo el equipo de @EmergenciasBA, @BAambiente, @Policia_ciudad, SAME, @SeguridadBA y Defensa Civil que r\u00e1pidamente entraron en acci\u00f3n con todo su profesionalismo para controlar el incendio. H\u00e9roes silenciosos que nos cuidan todos los d\u00edas\u00bb, destac\u00f3 Rodr\u00edguez Larreta. Se cont\u00f3 adem\u00e1s con una unidad de drones y una de planeamiento de ataque al fuego.<\/p>\n","protected":false},"excerpt":{"rendered":"<p>El Jefe de Gobierno de la Ciudad, Horacio Rodr\u00edguez Larreta, recorri\u00f3 a la madrugada la zona y destac\u00f3 el operativo para controlar el incendio en la Reserva Ecol\u00f3gica. \u00abUn foco de incendio en la Reserva Ecol\u00f3gica Costanera Sur alert\u00f3 a unos vecinos que avisaron inmediatamente al 911. El calor y el viento hab\u00edan hecho que [&hellip;]<\/p>\n","protected":false},"author":3,"featured_media":42155,"comment_status":"open","ping_status":"open","sticky":false,"template":"","format":"standard","meta":{"_et_pb_use_builder":"","_et_pb_old_content":"","_et_gb_content_width":"","footnotes":""},"categories":[11,33],"tags":[],"class_list":["post-42154","post","type-post","status-publish","format-standard","has-post-thumbnail","hentry","category-ciudad","category-sociedad-y-cultura-2"],"_links":{"self":[{"href":"https:\/\/vocesdebaires.com.ar\/index.php\/wp-json\/wp\/v2\/posts\/42154"}],"collection":[{"href":"https:\/\/vocesdebaires.com.ar\/index.php\/wp-json\/wp\/v2\/posts"}],"about":[{"href":"https:\/\/vocesdebaires.com.ar\/index.php\/wp-json\/wp\/v2\/types\/post"}],"author":[{"embeddable":true,"href":"https:\/\/vocesdebaires.com.ar\/index.php\/wp-json\/wp\/v2\/users\/3"}],"replies":[{"embeddable":true,"href":"https:\/\/vocesdebaires.com.ar\/index.php\/wp-json\/wp\/v2\/comments?post=42154"}],"version-history":[{"count":1,"href":"https:\/\/vocesdebaires.com.ar\/index.php\/wp-json\/wp\/v2\/posts\/42154\/revisions"}],"predecessor-version":[{"id":42156,"href":"https:\/\/vocesdebaires.com.ar\/index.php\/wp-json\/wp\/v2\/posts\/42154\/revisions\/42156"}],"wp:featuredmedia":[{"embeddable":true,"href":"https:\/\/vocesdebaires.com.ar\/index.php\/wp-json\/wp\/v2\/media\/42155"}],"wp:attachment":[{"href":"https:\/\/vocesdebaires.com.ar\/index.php\/wp-json\/wp\/v2\/media?parent=42154"}],"wp:term":[{"taxonomy":"category","embeddable":true,"href":"https:\/\/vocesdebaires.com.ar\/index.php\/wp-json\/wp\/v2\/categories?post=42154"},{"taxonomy":"post_tag","embeddable":true,"href":"https:\/\/vocesdebaires.com.ar\/index.php\/wp-json\/wp\/v2\/tags?post=42154"}],"curies":[{"name":"wp","href":"https:\/\/api.w.org\/{rel}","templated":true}]}}