{"id":42157,"date":"2023-01-13T00:00:45","date_gmt":"2023-01-13T03:00:45","guid":{"rendered":"https:\/\/vocesdebaires.com.ar\/?p=42157"},"modified":"2023-01-12T22:53:47","modified_gmt":"2023-01-13T01:53:47","slug":"ciudaddia-contra-el-genocidio-y-por-el-respeto-a-la-vida","status":"publish","type":"post","link":"https:\/\/vocesdebaires.com.ar\/index.php\/2023\/01\/13\/ciudaddia-contra-el-genocidio-y-por-el-respeto-a-la-vida\/","title":{"rendered":"Ciudad:D\u00eca contra el genocidio y por el respeto a la vida"},"content":{"rendered":"<p>Genocidio es cualquiera de los actos mencionados a continuaci\u00f3n, perpetrados con la intenci\u00f3n de destruir, total o parcialmente, a un grupo nacional, \u00e9tnico, racial o religioso, como tal: 1) Matanza de miembros del grupo; 2) Lesi\u00f3n grave a la integridad f\u00edsica o mental de los miembros del grupo; 3) Sometimiento intencional del grupo a condiciones de existencia que hayan de acarrear su destrucci\u00f3n f\u00edsica, total o parcial; 4) Medidas destinadas a impedir los nacimientos en el seno del grupo; 5)Traslado por fuerza de ni\u00f1os del grupo a otro grupo. La Convenci\u00f3n contra el Genocidio lo tipifica como delito de derecho internacional, ya sea cometido en tiempo de paz o en tiempo de guerra. Ley 180. Sancionada el 22 de abril de 1999, publicada en el Bolet\u00edn Oficial de la Ciudad Nro. 695 del 17 de mayo de 1999.<\/p>\n","protected":false},"excerpt":{"rendered":"<p>Genocidio es cualquiera de los actos mencionados a continuaci\u00f3n, perpetrados con la intenci\u00f3n de destruir, total o parcialmente, a un grupo nacional, \u00e9tnico, racial o religioso, como tal: 1) Matanza de miembros del grupo; 2) Lesi\u00f3n grave a la integridad f\u00edsica o mental de los miembros del grupo; 3) Sometimiento intencional del grupo a condiciones [&hellip;]<\/p>\n","protected":false},"author":3,"featured_media":42158,"comment_status":"open","ping_status":"open","sticky":false,"template":"","format":"standard","meta":{"_et_pb_use_builder":"","_et_pb_old_content":"","_et_gb_content_width":"","footnotes":""},"categories":[11,33],"tags":[],"class_list":["post-42157","post","type-post","status-publish","format-standard","has-post-thumbnail","hentry","category-ciudad","category-sociedad-y-cultura-2"],"_links":{"self":[{"href":"https:\/\/vocesdebaires.com.ar\/index.php\/wp-json\/wp\/v2\/posts\/42157"}],"collection":[{"href":"https:\/\/vocesdebaires.com.ar\/index.php\/wp-json\/wp\/v2\/posts"}],"about":[{"href":"https:\/\/vocesdebaires.com.ar\/index.php\/wp-json\/wp\/v2\/types\/post"}],"author":[{"embeddable":true,"href":"https:\/\/vocesdebaires.com.ar\/index.php\/wp-json\/wp\/v2\/users\/3"}],"replies":[{"embeddable":true,"href":"https:\/\/vocesdebaires.com.ar\/index.php\/wp-json\/wp\/v2\/comments?post=42157"}],"version-history":[{"count":1,"href":"https:\/\/vocesdebaires.com.ar\/index.php\/wp-json\/wp\/v2\/posts\/42157\/revisions"}],"predecessor-version":[{"id":42159,"href":"https:\/\/vocesdebaires.com.ar\/index.php\/wp-json\/wp\/v2\/posts\/42157\/revisions\/42159"}],"wp:featuredmedia":[{"embeddable":true,"href":"https:\/\/vocesdebaires.com.ar\/index.php\/wp-json\/wp\/v2\/media\/42158"}],"wp:attachment":[{"href":"https:\/\/vocesdebaires.com.ar\/index.php\/wp-json\/wp\/v2\/media?parent=42157"}],"wp:term":[{"taxonomy":"category","embeddable":true,"href":"https:\/\/vocesdebaires.com.ar\/index.php\/wp-json\/wp\/v2\/categories?post=42157"},{"taxonomy":"post_tag","embeddable":true,"href":"https:\/\/vocesdebaires.com.ar\/index.php\/wp-json\/wp\/v2\/tags?post=42157"}],"curies":[{"name":"wp","href":"https:\/\/api.w.org\/{rel}","templated":true}]}}