{"id":42182,"date":"2023-01-17T00:00:03","date_gmt":"2023-01-17T03:00:03","guid":{"rendered":"https:\/\/vocesdebaires.com.ar\/?p=42182"},"modified":"2023-01-16T20:30:55","modified_gmt":"2023-01-16T23:30:55","slug":"amiadocentes-participan-en-israel-de-un-seminario-sobre-la-shoa","status":"publish","type":"post","link":"https:\/\/vocesdebaires.com.ar\/index.php\/2023\/01\/17\/amiadocentes-participan-en-israel-de-un-seminario-sobre-la-shoa\/","title":{"rendered":"AMIA:Docentes participan en Israel de un seminario sobre la Sho\u00e1"},"content":{"rendered":"<p>Bajo la coordinaci\u00f3n del Vaad Hajinuj de AMIA, una delegaci\u00f3n integrada por directores y docentes de la Red Escolar Jud\u00eda de Argentina se encuentra participando de la nueva edici\u00f3n del seminario \u201cMemoria de la Sho\u00e1 y los dilemas de su transmisi\u00f3n\u201d, en la ciudad de Jerusalem.<\/p>\n<p>Durante la estad\u00eda, que comenz\u00f3 el lunes 9 y que finalizar\u00e1 el jueves 19 de enero, adem\u00e1s de visitar distintos lugares vinculados con el Holocausto y su transmisi\u00f3n, los educadores est\u00e1n formando parte de diversas capacitaciones y actividades, entre los que se destacan los espacios para conocer las historias de vida de sobrevivientes de la Sho\u00e1.<\/p>\n<p>Por quinto a\u00f1o, luego de la interrupci\u00f3n de los seminarios presenciales a causa de la pandemia, AMIA, a trav\u00e9s de su \u00e1rea de Educaci\u00f3n, participa del programa de profundizaci\u00f3n pedag\u00f3gica en contenidos sobre el Holocausto y su abordaje did\u00e1ctico. En esta edici\u00f3n se est\u00e1n capacitando once directores y docentes de Argentina, que ejercen en catorce escuelas de la Red, junto con educadores de Latinoam\u00e9rica.<\/p>\n","protected":false},"excerpt":{"rendered":"<p>Bajo la coordinaci\u00f3n del Vaad Hajinuj de AMIA, una delegaci\u00f3n integrada por directores y docentes de la Red Escolar Jud\u00eda de Argentina se encuentra participando de la nueva edici\u00f3n del seminario \u201cMemoria de la Sho\u00e1 y los dilemas de su transmisi\u00f3n\u201d, en la ciudad de Jerusalem. Durante la estad\u00eda, que comenz\u00f3 el lunes 9 y [&hellip;]<\/p>\n","protected":false},"author":2,"featured_media":42183,"comment_status":"open","ping_status":"open","sticky":false,"template":"","format":"standard","meta":{"_et_pb_use_builder":"","_et_pb_old_content":"","_et_gb_content_width":"","footnotes":""},"categories":[11,33],"tags":[],"class_list":["post-42182","post","type-post","status-publish","format-standard","has-post-thumbnail","hentry","category-ciudad","category-sociedad-y-cultura-2"],"_links":{"self":[{"href":"https:\/\/vocesdebaires.com.ar\/index.php\/wp-json\/wp\/v2\/posts\/42182"}],"collection":[{"href":"https:\/\/vocesdebaires.com.ar\/index.php\/wp-json\/wp\/v2\/posts"}],"about":[{"href":"https:\/\/vocesdebaires.com.ar\/index.php\/wp-json\/wp\/v2\/types\/post"}],"author":[{"embeddable":true,"href":"https:\/\/vocesdebaires.com.ar\/index.php\/wp-json\/wp\/v2\/users\/2"}],"replies":[{"embeddable":true,"href":"https:\/\/vocesdebaires.com.ar\/index.php\/wp-json\/wp\/v2\/comments?post=42182"}],"version-history":[{"count":1,"href":"https:\/\/vocesdebaires.com.ar\/index.php\/wp-json\/wp\/v2\/posts\/42182\/revisions"}],"predecessor-version":[{"id":42184,"href":"https:\/\/vocesdebaires.com.ar\/index.php\/wp-json\/wp\/v2\/posts\/42182\/revisions\/42184"}],"wp:featuredmedia":[{"embeddable":true,"href":"https:\/\/vocesdebaires.com.ar\/index.php\/wp-json\/wp\/v2\/media\/42183"}],"wp:attachment":[{"href":"https:\/\/vocesdebaires.com.ar\/index.php\/wp-json\/wp\/v2\/media?parent=42182"}],"wp:term":[{"taxonomy":"category","embeddable":true,"href":"https:\/\/vocesdebaires.com.ar\/index.php\/wp-json\/wp\/v2\/categories?post=42182"},{"taxonomy":"post_tag","embeddable":true,"href":"https:\/\/vocesdebaires.com.ar\/index.php\/wp-json\/wp\/v2\/tags?post=42182"}],"curies":[{"name":"wp","href":"https:\/\/api.w.org\/{rel}","templated":true}]}}