{"id":42185,"date":"2023-01-17T00:00:41","date_gmt":"2023-01-17T03:00:41","guid":{"rendered":"https:\/\/vocesdebaires.com.ar\/?p=42185"},"modified":"2023-01-16T20:38:12","modified_gmt":"2023-01-16T23:38:12","slug":"ciudad-larreta-anuncio-la-incorporacion-de-cynthia-hotton-al-gobierno","status":"publish","type":"post","link":"https:\/\/vocesdebaires.com.ar\/index.php\/2023\/01\/17\/ciudad-larreta-anuncio-la-incorporacion-de-cynthia-hotton-al-gobierno\/","title":{"rendered":"Ciudad: Larreta incorpor\u00f3  a Cynthia Hotton al Gobierno"},"content":{"rendered":"<p>El jefe de Gobierno porte\u00f1o, Horacio Rodr\u00edguez Larreta, present\u00f3 hoy oficialmente a la economista, diplom\u00e1tica y ex diputada nacional, Cynthia Hotton, quien se incorpora al Gobierno de la Ciudad de Buenos Aires como presidenta del Consejo Social. Fue durante un acto en Chacarita por la apertura de la calle Guevara, donde tambi\u00e9n participaron el jefe de Gabinete, Felipe Miguel; la ministra de Desarrollo Humano y H\u00e1bitat, Mar\u00eda Migliore; la ministra de Espacio P\u00fablico e Higiene Urbana, Clara Muzzio; y el secretario de Asuntos P\u00fablicos, Waldo Wolff.<\/p>\n<p>\u201cAprovecho hoy para darle la bienvenida m\u00e1s oficial a Cynthia Hotton, que es un orgullo que hoy se est\u00e9 sumando, con todo su equipo de M\u00e1s Valores, que representa valores muy importantes como la vida, la familia, la justicia, la verdad, fundamentales para nuestro pa\u00eds. Cynthia tiene una muy s\u00f3lida formaci\u00f3n como economista, fue diputada nacional, diplom\u00e1tica de carrera, conoce mucho los temas internacionales, nos va a ayudar en el Gobierno, obviamente en los temas sociales, pero tambi\u00e9n con una mirada m\u00e1s integral. Necesitamos integrar la Ciudad de Buenos Aires, la Argentina, al mundo, y contamos con Cynthia\u201d, expres\u00f3 el jefe de gobierno porte\u00f1o.<\/p>\n<p>Y agreg\u00f3: \u201cElla va a estar presidiendo el Consejo Social del gobierno de la Ciudad de Buenos Aires, lo que va a permitir un mayor di\u00e1logo, una mayor interacci\u00f3n con organizaciones de la sociedad civil, entidades religiosas, empresarias, sindicales, y fundaciones. Nosotros creemos que en el rol del Estado tenemos que trabajar en equipo y apoyarnos en aquellos que tienen experiencia, que hacen las cosas bien, as\u00ed que, desde el Consejo, Cynthia nos va a ayudar a reforzar ese trabajo, en los temas sociales como foco y prioridad, pero en general en la Ciudad de Buenos Aires\u201d.<\/p>\n<p>Por su parte, Cynthia Hotton destac\u00f3: \u201cAgradezco a Horacio por la confianza depositada en mi trabajo. Nos une la vocaci\u00f3n de servicio. Tenemos claro que este trabajo en equipo va a lograr que seamos agentes de cambio para transformar juntos esas realidades que tanto nos preocupan y duelen. Siempre nuestra mirada y compromiso es con la vida, la familia, el resolver el problema de las adicciones, impulsar la adopci\u00f3n, la inclusi\u00f3n de las personas con discapacidad, y acompa\u00f1ar a los adultos mayores\u201d.<\/p>\n<p>\u201cEn M\u00e1s Valores, que es el partido que represento, tenemos vocaci\u00f3n de servicio, la gente lo sabe, nos ve en los distintos barrios, en los comedores, en las iglesias, en las escuelas y en las c\u00e1rceles. Nuestras causas, son los problemas cotidianos de la gente, y trabajar para ayudar a resolverlos, especialmente en los sectores m\u00e1s vulnerables. En esto nos vamos a enfocar ahora desde el Consejo Social, que tiene justamente esa misi\u00f3n, generar cambios que mejoren la calidad de vida de las personas que atraviesan problem\u00e1ticas sociales. Nuevamente agradezco a Horacio, para m\u00ed es un orgullo asumir formalmente esta responsabilidad\u201d, concluy\u00f3 Hotton.<\/p>\n","protected":false},"excerpt":{"rendered":"<p>El jefe de Gobierno porte\u00f1o, Horacio Rodr\u00edguez Larreta, present\u00f3 hoy oficialmente a la economista, diplom\u00e1tica y ex diputada nacional, Cynthia Hotton, quien se incorpora al Gobierno de la Ciudad de Buenos Aires como presidenta del Consejo Social. Fue durante un acto en Chacarita por la apertura de la calle Guevara, donde tambi\u00e9n participaron el jefe [&hellip;]<\/p>\n","protected":false},"author":2,"featured_media":42186,"comment_status":"open","ping_status":"open","sticky":false,"template":"","format":"standard","meta":{"_et_pb_use_builder":"","_et_pb_old_content":"","_et_gb_content_width":"","footnotes":""},"categories":[11,33],"tags":[],"class_list":["post-42185","post","type-post","status-publish","format-standard","has-post-thumbnail","hentry","category-ciudad","category-sociedad-y-cultura-2"],"_links":{"self":[{"href":"https:\/\/vocesdebaires.com.ar\/index.php\/wp-json\/wp\/v2\/posts\/42185"}],"collection":[{"href":"https:\/\/vocesdebaires.com.ar\/index.php\/wp-json\/wp\/v2\/posts"}],"about":[{"href":"https:\/\/vocesdebaires.com.ar\/index.php\/wp-json\/wp\/v2\/types\/post"}],"author":[{"embeddable":true,"href":"https:\/\/vocesdebaires.com.ar\/index.php\/wp-json\/wp\/v2\/users\/2"}],"replies":[{"embeddable":true,"href":"https:\/\/vocesdebaires.com.ar\/index.php\/wp-json\/wp\/v2\/comments?post=42185"}],"version-history":[{"count":2,"href":"https:\/\/vocesdebaires.com.ar\/index.php\/wp-json\/wp\/v2\/posts\/42185\/revisions"}],"predecessor-version":[{"id":42188,"href":"https:\/\/vocesdebaires.com.ar\/index.php\/wp-json\/wp\/v2\/posts\/42185\/revisions\/42188"}],"wp:featuredmedia":[{"embeddable":true,"href":"https:\/\/vocesdebaires.com.ar\/index.php\/wp-json\/wp\/v2\/media\/42186"}],"wp:attachment":[{"href":"https:\/\/vocesdebaires.com.ar\/index.php\/wp-json\/wp\/v2\/media?parent=42185"}],"wp:term":[{"taxonomy":"category","embeddable":true,"href":"https:\/\/vocesdebaires.com.ar\/index.php\/wp-json\/wp\/v2\/categories?post=42185"},{"taxonomy":"post_tag","embeddable":true,"href":"https:\/\/vocesdebaires.com.ar\/index.php\/wp-json\/wp\/v2\/tags?post=42185"}],"curies":[{"name":"wp","href":"https:\/\/api.w.org\/{rel}","templated":true}]}}