{"id":42207,"date":"2023-01-18T00:00:19","date_gmt":"2023-01-18T03:00:19","guid":{"rendered":"https:\/\/vocesdebaires.com.ar\/?p=42207"},"modified":"2023-01-17T23:26:05","modified_gmt":"2023-01-18T02:26:05","slug":"ciudad-el-ministro-de-gobierno-jorge-macri-visito-la-brigada-k9","status":"publish","type":"post","link":"https:\/\/vocesdebaires.com.ar\/index.php\/2023\/01\/18\/ciudad-el-ministro-de-gobierno-jorge-macri-visito-la-brigada-k9\/","title":{"rendered":"Ciudad: El ministro de Gobierno Jorge Macri visit\u00f3 la Brigada K9"},"content":{"rendered":"<p>La divisi\u00f3n K9 del Departamento de Fuerzas Especiales es una unidad canina de intervenci\u00f3n t\u00e1ctica de las Fuerzas Especiales de la Polic\u00eda de la Ciudad.<br \/>\nEl Ministro de Gobierno, Jorge Macri, estuvo en el predio que ocupa esta unidad y convers\u00f3 con los polic\u00edas responsables de trabajar con los canes. Tambi\u00e9n observ\u00f3 los diferentes tipos de entrenamientos que tienen para resolver distintas situaciones.<\/p>\n<p>Esta unidad fue creada en 2018 y tiene como objetivo cumplir funciones de seguridad y apoyo t\u00e1ctico inmediato en las distintas acciones que se realizan.<br \/>\nAsimismo, la construcci\u00f3n de este espacio incluy\u00f3 una sala veterinaria de primeros auxilios caninos, la incorporaci\u00f3n de una asistente veterinaria permanente -que supervisa tanto las conductas de los perros como los planes<\/p>\n<p>Algunas de sus funciones son: Brindar seguridad inmediata y eficaz sobre los Grupos de Asalto que operen en contextos desfavorables; asegurar la progresi\u00f3n y aproximaci\u00f3n a los puntos de impacto en zonas de alto riesgo y liberarlas de obst\u00e1culos explosivos y\/o accesorios de voladura; actuar en situaciones de delincuentes atrincherados y parapetados como escal\u00f3n intermedio a la acci\u00f3n de los Grupos de Asalto, minimizando el riesgo y la complejidad de la operaci\u00f3n; controlar situaciones que se desborden del marco de acci\u00f3n dentro de las distancias operativas convencionales en las crisis de salud mental, entre otras.<\/p>\n<p>Actualmente son 10 los perros en constante entrenamiento, para afrontar contingencias y hostilidades extremas, la principal idea es crear una unidad capaz de cumplir funciones de seguridad y apoyo t\u00e1ctico inmediato en las distintas acciones que se llevan a cabo en materia de seguridad. Adem\u00e1s, con la incorporaci\u00f3n de los perros, aument\u00f3 la posibilidad de acci\u00f3n y mejor\u00f3 la capacidad de controlar situaciones de riesgo.<\/p>\n","protected":false},"excerpt":{"rendered":"<p>La divisi\u00f3n K9 del Departamento de Fuerzas Especiales es una unidad canina de intervenci\u00f3n t\u00e1ctica de las Fuerzas Especiales de la Polic\u00eda de la Ciudad. El Ministro de Gobierno, Jorge Macri, estuvo en el predio que ocupa esta unidad y convers\u00f3 con los polic\u00edas responsables de trabajar con los canes. Tambi\u00e9n observ\u00f3 los diferentes tipos [&hellip;]<\/p>\n","protected":false},"author":2,"featured_media":42208,"comment_status":"open","ping_status":"open","sticky":false,"template":"","format":"standard","meta":{"_et_pb_use_builder":"","_et_pb_old_content":"","_et_gb_content_width":"","footnotes":""},"categories":[11,33],"tags":[],"class_list":["post-42207","post","type-post","status-publish","format-standard","has-post-thumbnail","hentry","category-ciudad","category-sociedad-y-cultura-2"],"_links":{"self":[{"href":"https:\/\/vocesdebaires.com.ar\/index.php\/wp-json\/wp\/v2\/posts\/42207"}],"collection":[{"href":"https:\/\/vocesdebaires.com.ar\/index.php\/wp-json\/wp\/v2\/posts"}],"about":[{"href":"https:\/\/vocesdebaires.com.ar\/index.php\/wp-json\/wp\/v2\/types\/post"}],"author":[{"embeddable":true,"href":"https:\/\/vocesdebaires.com.ar\/index.php\/wp-json\/wp\/v2\/users\/2"}],"replies":[{"embeddable":true,"href":"https:\/\/vocesdebaires.com.ar\/index.php\/wp-json\/wp\/v2\/comments?post=42207"}],"version-history":[{"count":1,"href":"https:\/\/vocesdebaires.com.ar\/index.php\/wp-json\/wp\/v2\/posts\/42207\/revisions"}],"predecessor-version":[{"id":42209,"href":"https:\/\/vocesdebaires.com.ar\/index.php\/wp-json\/wp\/v2\/posts\/42207\/revisions\/42209"}],"wp:featuredmedia":[{"embeddable":true,"href":"https:\/\/vocesdebaires.com.ar\/index.php\/wp-json\/wp\/v2\/media\/42208"}],"wp:attachment":[{"href":"https:\/\/vocesdebaires.com.ar\/index.php\/wp-json\/wp\/v2\/media?parent=42207"}],"wp:term":[{"taxonomy":"category","embeddable":true,"href":"https:\/\/vocesdebaires.com.ar\/index.php\/wp-json\/wp\/v2\/categories?post=42207"},{"taxonomy":"post_tag","embeddable":true,"href":"https:\/\/vocesdebaires.com.ar\/index.php\/wp-json\/wp\/v2\/tags?post=42207"}],"curies":[{"name":"wp","href":"https:\/\/api.w.org\/{rel}","templated":true}]}}