{"id":42210,"date":"2023-01-18T00:00:09","date_gmt":"2023-01-18T03:00:09","guid":{"rendered":"https:\/\/vocesdebaires.com.ar\/?p=42210"},"modified":"2023-01-17T23:30:02","modified_gmt":"2023-01-18T02:30:02","slug":"amia-a-ocho-anos-de-la-muerte-del-fiscal-alberto-nisman","status":"publish","type":"post","link":"https:\/\/vocesdebaires.com.ar\/index.php\/2023\/01\/18\/amia-a-ocho-anos-de-la-muerte-del-fiscal-alberto-nisman\/","title":{"rendered":"AMIA a ocho a\u00f1os de la muerte del fiscal Alberto Nisman"},"content":{"rendered":"<p>En el octavo aniversario del fallecimiento del Dr. Alberto Nisman (Z\u00a8L), fiscal de la Naci\u00f3n que durante diez a\u00f1os dirigi\u00f3 la investigaci\u00f3n del peor ataque terrorista perpetrado en el pa\u00eds, AMIA vuelve a exigir el total esclarecimiento de las circunstancias de su muerte, y reitera su firme reclamo de Justicia. Como v\u00edctima directa del atentado perpetrado el 18 de julio de 1994 por el terrorismo internacional, y habiendo perdido hace ocho a\u00f1os al fiscal que investig\u00f3 la masacre en la que fueron asesinadas 85 personas y m\u00e1s de 300 resultaron heridas, AMIA insta a los funcionarios judiciales a cargo de la causa a que procedan con celeridad e imparcialidad en el camino de la verdad, y que brinden las respuestas que la sociedad en su conjunto est\u00e1n demandando.<\/p>\n<p>Cabe recordar que la muerte de Alberto Nisman est\u00e1 siendo investigada como un homicidio por la justicia argentina, y que se encuentra directamente vinculada con el rol y con la labor que llev\u00f3 adelante desde la Unidad Fiscal para la Investigaci\u00f3n de la Causa AMIA, tal como lo determin\u00f3 la Corte Suprema de Justicia de la Naci\u00f3n. En un nuevo aniversario del fallecimiento del fiscal, y teniendo en cuenta los inadmisibles tiempos de los procesos judiciales en nuestro pa\u00eds, y la situaci\u00f3n de impunidad a\u00fan vigente en la causa AMIA, la instituci\u00f3n eleva, una vez m\u00e1s, su en\u00e9rgico pedido para que pronto se haga Justicia.<\/p>\n","protected":false},"excerpt":{"rendered":"<p>En el octavo aniversario del fallecimiento del Dr. Alberto Nisman (Z\u00a8L), fiscal de la Naci\u00f3n que durante diez a\u00f1os dirigi\u00f3 la investigaci\u00f3n del peor ataque terrorista perpetrado en el pa\u00eds, AMIA vuelve a exigir el total esclarecimiento de las circunstancias de su muerte, y reitera su firme reclamo de Justicia. Como v\u00edctima directa del atentado [&hellip;]<\/p>\n","protected":false},"author":2,"featured_media":42211,"comment_status":"open","ping_status":"open","sticky":false,"template":"","format":"standard","meta":{"_et_pb_use_builder":"","_et_pb_old_content":"","_et_gb_content_width":"","footnotes":""},"categories":[11,33],"tags":[],"class_list":["post-42210","post","type-post","status-publish","format-standard","has-post-thumbnail","hentry","category-ciudad","category-sociedad-y-cultura-2"],"_links":{"self":[{"href":"https:\/\/vocesdebaires.com.ar\/index.php\/wp-json\/wp\/v2\/posts\/42210"}],"collection":[{"href":"https:\/\/vocesdebaires.com.ar\/index.php\/wp-json\/wp\/v2\/posts"}],"about":[{"href":"https:\/\/vocesdebaires.com.ar\/index.php\/wp-json\/wp\/v2\/types\/post"}],"author":[{"embeddable":true,"href":"https:\/\/vocesdebaires.com.ar\/index.php\/wp-json\/wp\/v2\/users\/2"}],"replies":[{"embeddable":true,"href":"https:\/\/vocesdebaires.com.ar\/index.php\/wp-json\/wp\/v2\/comments?post=42210"}],"version-history":[{"count":1,"href":"https:\/\/vocesdebaires.com.ar\/index.php\/wp-json\/wp\/v2\/posts\/42210\/revisions"}],"predecessor-version":[{"id":42212,"href":"https:\/\/vocesdebaires.com.ar\/index.php\/wp-json\/wp\/v2\/posts\/42210\/revisions\/42212"}],"wp:featuredmedia":[{"embeddable":true,"href":"https:\/\/vocesdebaires.com.ar\/index.php\/wp-json\/wp\/v2\/media\/42211"}],"wp:attachment":[{"href":"https:\/\/vocesdebaires.com.ar\/index.php\/wp-json\/wp\/v2\/media?parent=42210"}],"wp:term":[{"taxonomy":"category","embeddable":true,"href":"https:\/\/vocesdebaires.com.ar\/index.php\/wp-json\/wp\/v2\/categories?post=42210"},{"taxonomy":"post_tag","embeddable":true,"href":"https:\/\/vocesdebaires.com.ar\/index.php\/wp-json\/wp\/v2\/tags?post=42210"}],"curies":[{"name":"wp","href":"https:\/\/api.w.org\/{rel}","templated":true}]}}