{"id":42217,"date":"2023-01-19T00:00:57","date_gmt":"2023-01-19T03:00:57","guid":{"rendered":"https:\/\/vocesdebaires.com.ar\/?p=42217"},"modified":"2023-01-18T18:07:37","modified_gmt":"2023-01-18T21:07:37","slug":"nuevo-servicio-de-la-ciudad-que-acompana-a-las-personas-mayores","status":"publish","type":"post","link":"https:\/\/vocesdebaires.com.ar\/index.php\/2023\/01\/19\/nuevo-servicio-de-la-ciudad-que-acompana-a-las-personas-mayores\/","title":{"rendered":"Nuevo servicio de la Ciudad que acompa\u00f1a a las personas mayores"},"content":{"rendered":"<p>El Gobierno porte\u00f1o, a trav\u00e9s de la Secretar\u00eda de Bienestar Integral, lanz\u00f3 Escucha Activa, una iniciativa para abordar la soledad no deseada en personas mayores mediante el di\u00e1logo con operadores especialmente capacitados para conversar y dar a conocer las propuestas que la Ciudad tiene para ofrecer a los vecinos y vecinas de acuerdo a sus intereses o necesidades. El programa funciona de lunes a viernes, de 8 a 20 horas. Los interesados pueden llamar al 147, desde la Ciudad, o al 0800-999-2727, desde cualquier lugar del pa\u00eds, y marcar la opci\u00f3n 5.<\/p>\n<p>El principal objetivo de Escucha Activa es que las personas mayores reciban acompa\u00f1amiento afectivo que las ayude a motivarse y estimularse, que las pueda orientar ante determinadas situaciones y, fundamentalmente, que contribuya a reducir la sensaci\u00f3n de aislamiento. De acuerdo a la primera encuesta realizada post-pandemia por la Secretar\u00eda, el 70% de los porte\u00f1os mayores de 60 a\u00f1os expresa haber tenido sentimiento de tristeza, mientras que el 56% lo hace de manera recurrente.<\/p>\n<p>Con esta iniciativa, la Ciudad es la primera jurisdicci\u00f3n del pa\u00eds en poner en agenda de gesti\u00f3n las problem\u00e1ticas asociadas al bienestar emocional de dicho grupo etario. \u201cEl aislamiento social puede ser objetivo y subjetivo: s\u00f3lo basta con sentirse solo. Desde la Secretar\u00eda instalamos este tema y fomentamos el acompa\u00f1amiento f\u00edsico, mental y social de las personas mayores en esta etapa. Construir una ciudad amigable implica estar cerca de quienes la habitan, fomentar la construcci\u00f3n de v\u00ednculos que generen comunidad y promover la salud y el bienestar en todos los ciclos de sus vidas\u201d, apunt\u00f3 Sof\u00eda Torroba, subsecretaria para Personas Mayores.<\/p>\n<p><strong>\u00bfQu\u00e9 es la soledad no deseada?<\/strong><br \/>\nLa soledad no deseada ocurre cuando una persona percibe que sus v\u00ednculos carecen de la frecuencia, intensidad, intimidad y calidad que quisiera. Se trata de una sensaci\u00f3n subjetiva de tener menor afecto y cercan\u00eda de lo deseado. El aislamiento y la soledad constituyen una problem\u00e1tica frecuente en la sociedad, pero se presenta con m\u00e1s fuerza en las personas mayores, quienes representan aproximadamente el 25% de la poblaci\u00f3n porte\u00f1a, debido a que en esta etapa de la vida pueden aparecer cambios que alteran las relaciones afectivas, la composici\u00f3n del hogar y, sobre todo, la salud.<\/p>\n<p>Foto: Secretar\u00eda de Bienestar Integral<\/p>\n","protected":false},"excerpt":{"rendered":"<p>El Gobierno porte\u00f1o, a trav\u00e9s de la Secretar\u00eda de Bienestar Integral, lanz\u00f3 Escucha Activa, una iniciativa para abordar la soledad no deseada en personas mayores mediante el di\u00e1logo con operadores especialmente capacitados para conversar y dar a conocer las propuestas que la Ciudad tiene para ofrecer a los vecinos y vecinas de acuerdo a sus [&hellip;]<\/p>\n","protected":false},"author":3,"featured_media":42218,"comment_status":"open","ping_status":"open","sticky":false,"template":"","format":"standard","meta":{"_et_pb_use_builder":"","_et_pb_old_content":"","_et_gb_content_width":"","footnotes":""},"categories":[11,33],"tags":[],"class_list":["post-42217","post","type-post","status-publish","format-standard","has-post-thumbnail","hentry","category-ciudad","category-sociedad-y-cultura-2"],"_links":{"self":[{"href":"https:\/\/vocesdebaires.com.ar\/index.php\/wp-json\/wp\/v2\/posts\/42217"}],"collection":[{"href":"https:\/\/vocesdebaires.com.ar\/index.php\/wp-json\/wp\/v2\/posts"}],"about":[{"href":"https:\/\/vocesdebaires.com.ar\/index.php\/wp-json\/wp\/v2\/types\/post"}],"author":[{"embeddable":true,"href":"https:\/\/vocesdebaires.com.ar\/index.php\/wp-json\/wp\/v2\/users\/3"}],"replies":[{"embeddable":true,"href":"https:\/\/vocesdebaires.com.ar\/index.php\/wp-json\/wp\/v2\/comments?post=42217"}],"version-history":[{"count":1,"href":"https:\/\/vocesdebaires.com.ar\/index.php\/wp-json\/wp\/v2\/posts\/42217\/revisions"}],"predecessor-version":[{"id":42219,"href":"https:\/\/vocesdebaires.com.ar\/index.php\/wp-json\/wp\/v2\/posts\/42217\/revisions\/42219"}],"wp:featuredmedia":[{"embeddable":true,"href":"https:\/\/vocesdebaires.com.ar\/index.php\/wp-json\/wp\/v2\/media\/42218"}],"wp:attachment":[{"href":"https:\/\/vocesdebaires.com.ar\/index.php\/wp-json\/wp\/v2\/media?parent=42217"}],"wp:term":[{"taxonomy":"category","embeddable":true,"href":"https:\/\/vocesdebaires.com.ar\/index.php\/wp-json\/wp\/v2\/categories?post=42217"},{"taxonomy":"post_tag","embeddable":true,"href":"https:\/\/vocesdebaires.com.ar\/index.php\/wp-json\/wp\/v2\/tags?post=42217"}],"curies":[{"name":"wp","href":"https:\/\/api.w.org\/{rel}","templated":true}]}}