{"id":42233,"date":"2023-01-20T14:18:11","date_gmt":"2023-01-20T17:18:11","guid":{"rendered":"https:\/\/vocesdebaires.com.ar\/?p=42233"},"modified":"2023-01-20T14:18:11","modified_gmt":"2023-01-20T17:18:11","slug":"en-la-ciudad-larreta-compartio-un-show-para-chicos","status":"publish","type":"post","link":"https:\/\/vocesdebaires.com.ar\/index.php\/2023\/01\/20\/en-la-ciudad-larreta-compartio-un-show-para-chicos\/","title":{"rendered":"En la ciudad: Larreta comparti\u00f3 un show para chicos"},"content":{"rendered":"<p>El jefe de Gobierno porte\u00f1o, Horacio Rodr\u00edguez Larreta, comparti\u00f3 ayer jueves un show de m\u00fasica para chicos en el Parque Las Heras, sede de una nueva edici\u00f3n de \u201cVamos las Plazas\u201d, el ciclo de espect\u00e1culos gratuitos presente en todas las comunas de la Ciudad durante las vacaciones.\u201cVamos las Plazas es una propuesta lind\u00edsima que hacemos cada verano en 15 plazas a la vez, una por cada Comuna, con shows de circo, m\u00fasica, teatro, baile, t\u00edteres y distintas atracciones.<\/p>\n<p>Siempre convoca a muchos chicos y es una forma de disfrutar las vacaciones en la Ciudad\u201d, remarc\u00f3 Rodr\u00edguez Larreta, acompa\u00f1ado del ministro de Gobierno, Jorge Macri; y la subsecretaria de Gesti\u00f3n Comunal, Victoria Rold\u00e1n Mendez. El Jefe de Gobierno se\u00f1al\u00f3 la importancia que tienen los espacios verdes como punto de encuentro de los vecinos: \u201cQueremos que las plazas sean el lugar para que todos puedan compartir momentos de calidad con sus seres queridos, jugar con sus hijos y mascotas, entrenar y hacer deporte, tomar unos mates o ir a disfrutar un momento de ocio en su tiempo libre\u201d.<\/p>\n<p>Adem\u00e1s, destac\u00f3 las obras realizadas para poner en valor las plazas, con remodelaciones de los espacios de juegos y nuevos caniles para mascotas. \u201cContinuaremos trabajando para que el espacio p\u00fablico promueva el bienestar integral de los vecinos y de aquellos que visitan la Ciudad\u201d, afirm\u00f3. La sexta edici\u00f3n de \u201cVamos las Plazas\u201d se extiende hasta el 16 de febrero, de martes a jueves, con un total de 540 propuestas en 55 espacios verdes de la Ciudad. Durante enero, las actividades comienzan a las 17.30 y a las 19.30. En febrero los shows se realizar\u00e1n a las 17 y a las 19.<\/p>\n<p>La programaci\u00f3n incluye una amplia variedad de propuestas dirigidas al p\u00fablico infantil para disfrutar en familia. Desde obras de improvisaci\u00f3n y narraci\u00f3n con historias hasta espect\u00e1culos que combinan m\u00fasica con juegos para aprender de la mano del humor. Tambi\u00e9n se presentan aventuras circenses, unipersonales con referentes del clown, shows de acrobacia y espect\u00e1culos de magia en los que los m\u00e1s chicos son los verdaderos protagonistas. Para conocer el listado completo de las plazas que participan del programa, ingresar en www.buenosaires.gob.ar.<\/p>\n<p>Foto:Macarena Bultri \/GCBA<\/p>\n","protected":false},"excerpt":{"rendered":"<p>El jefe de Gobierno porte\u00f1o, Horacio Rodr\u00edguez Larreta, comparti\u00f3 ayer jueves un show de m\u00fasica para chicos en el Parque Las Heras, sede de una nueva edici\u00f3n de \u201cVamos las Plazas\u201d, el ciclo de espect\u00e1culos gratuitos presente en todas las comunas de la Ciudad durante las vacaciones.\u201cVamos las Plazas es una propuesta lind\u00edsima que hacemos [&hellip;]<\/p>\n","protected":false},"author":2,"featured_media":42234,"comment_status":"open","ping_status":"open","sticky":false,"template":"","format":"standard","meta":{"_et_pb_use_builder":"","_et_pb_old_content":"","_et_gb_content_width":"","footnotes":""},"categories":[11,33],"tags":[],"class_list":["post-42233","post","type-post","status-publish","format-standard","has-post-thumbnail","hentry","category-ciudad","category-sociedad-y-cultura-2"],"_links":{"self":[{"href":"https:\/\/vocesdebaires.com.ar\/index.php\/wp-json\/wp\/v2\/posts\/42233"}],"collection":[{"href":"https:\/\/vocesdebaires.com.ar\/index.php\/wp-json\/wp\/v2\/posts"}],"about":[{"href":"https:\/\/vocesdebaires.com.ar\/index.php\/wp-json\/wp\/v2\/types\/post"}],"author":[{"embeddable":true,"href":"https:\/\/vocesdebaires.com.ar\/index.php\/wp-json\/wp\/v2\/users\/2"}],"replies":[{"embeddable":true,"href":"https:\/\/vocesdebaires.com.ar\/index.php\/wp-json\/wp\/v2\/comments?post=42233"}],"version-history":[{"count":1,"href":"https:\/\/vocesdebaires.com.ar\/index.php\/wp-json\/wp\/v2\/posts\/42233\/revisions"}],"predecessor-version":[{"id":42235,"href":"https:\/\/vocesdebaires.com.ar\/index.php\/wp-json\/wp\/v2\/posts\/42233\/revisions\/42235"}],"wp:featuredmedia":[{"embeddable":true,"href":"https:\/\/vocesdebaires.com.ar\/index.php\/wp-json\/wp\/v2\/media\/42234"}],"wp:attachment":[{"href":"https:\/\/vocesdebaires.com.ar\/index.php\/wp-json\/wp\/v2\/media?parent=42233"}],"wp:term":[{"taxonomy":"category","embeddable":true,"href":"https:\/\/vocesdebaires.com.ar\/index.php\/wp-json\/wp\/v2\/categories?post=42233"},{"taxonomy":"post_tag","embeddable":true,"href":"https:\/\/vocesdebaires.com.ar\/index.php\/wp-json\/wp\/v2\/tags?post=42233"}],"curies":[{"name":"wp","href":"https:\/\/api.w.org\/{rel}","templated":true}]}}