{"id":42236,"date":"2023-01-20T14:30:27","date_gmt":"2023-01-20T17:30:27","guid":{"rendered":"https:\/\/vocesdebaires.com.ar\/?p=42236"},"modified":"2023-01-20T14:32:30","modified_gmt":"2023-01-20T17:32:30","slug":"ciudadcapacitaron-a-choferes-de-colectivos-sobre-derechos-de-discapacidad","status":"publish","type":"post","link":"https:\/\/vocesdebaires.com.ar\/index.php\/2023\/01\/20\/ciudadcapacitaron-a-choferes-de-colectivos-sobre-derechos-de-discapacidad\/","title":{"rendered":"Capacitaron a choferes de colectivos, sobre derechos de discapacidad"},"content":{"rendered":"<p>La Comisi\u00f3n para la Plena Participaci\u00f3n e Inclusi\u00f3n de las Personas con Discapacidad (COPIDIS), que tiene como objetivo la promoci\u00f3n de los derechos de las personas con discapacidad en el \u00e1mbito de la Ciudad de Buenos Aires, particip\u00f3 durante los a\u00f1os 2021 y 2022, del programa \u201cChoferes L\u00edderes\u201d, donde se capacit\u00f3 a 746 choferes de colectivos en materia de seguridad vial, g\u00e9nero, inclusi\u00f3n y discapacidad. Las capacitaciones, que son llevadas a cabo por la secretar\u00eda de Transporte y Obras P\u00fablicas porte\u00f1a, y cuentan con participaci\u00f3n de COPIDIS, tuvieron una duraci\u00f3n de 26 encuentros, donde se trabajaron recomendaciones para potenciar y mejorar sus pol\u00edticas de gesti\u00f3n internas y lograr una movilidad m\u00e1s segura e inclusiva.<\/p>\n<p>En los encuentros se dictaron m\u00f3dulos con temas de seguridad vial, y otro de g\u00e9nero y discapacidad junto a COPIDIS. Las reuniones fueron presenciales (dentro de las oficinas de GCBA o de las empresas) y virtuales. El presidente de COPIDIS, Leonardo Ruiz, expres\u00f3 que \u201ces clave realizar acciones concretas que tengan impacto directo en las barreras del transporte p\u00fablico\u201d, y agreg\u00f3: \u201cLa capacitaci\u00f3n en derechos de personas con discapacidad es una herramienta fundamental, para que los choferes se conviertan en actores vitales que promuevan la inclusi\u00f3n\u201d.<\/p>\n<p>Sumado a las capacitaciones, desde el a\u00f1o 2021 la Ciudad dispuso la implementaci\u00f3n de un Tablero de Comunicaci\u00f3n para Personas con Discapacidad, que son productos de apoyo que favorecen la comunicaci\u00f3n, y que forman parte de los Sistemas Aumentativos y Alternativos de Comunicaci\u00f3n (SAAC). Con esta iniciativa, la persona se\u00f1ala directamente los s\u00edmbolos que necesita comunicar. Desde el gobierno de la Ciudad de Buenos Aires se busca promover la inclusi\u00f3n y fomentar la igualdad de oportunidades, el acceso al trabajo, la educaci\u00f3n y la vida independiente de las personas con discapacidad.<\/p>\n","protected":false},"excerpt":{"rendered":"<p>La Comisi\u00f3n para la Plena Participaci\u00f3n e Inclusi\u00f3n de las Personas con Discapacidad (COPIDIS), que tiene como objetivo la promoci\u00f3n de los derechos de las personas con discapacidad en el \u00e1mbito de la Ciudad de Buenos Aires, particip\u00f3 durante los a\u00f1os 2021 y 2022, del programa \u201cChoferes L\u00edderes\u201d, donde se capacit\u00f3 a 746 choferes de [&hellip;]<\/p>\n","protected":false},"author":2,"featured_media":42237,"comment_status":"open","ping_status":"open","sticky":false,"template":"","format":"standard","meta":{"_et_pb_use_builder":"","_et_pb_old_content":"","_et_gb_content_width":"","footnotes":""},"categories":[11,33],"tags":[],"class_list":["post-42236","post","type-post","status-publish","format-standard","has-post-thumbnail","hentry","category-ciudad","category-sociedad-y-cultura-2"],"_links":{"self":[{"href":"https:\/\/vocesdebaires.com.ar\/index.php\/wp-json\/wp\/v2\/posts\/42236"}],"collection":[{"href":"https:\/\/vocesdebaires.com.ar\/index.php\/wp-json\/wp\/v2\/posts"}],"about":[{"href":"https:\/\/vocesdebaires.com.ar\/index.php\/wp-json\/wp\/v2\/types\/post"}],"author":[{"embeddable":true,"href":"https:\/\/vocesdebaires.com.ar\/index.php\/wp-json\/wp\/v2\/users\/2"}],"replies":[{"embeddable":true,"href":"https:\/\/vocesdebaires.com.ar\/index.php\/wp-json\/wp\/v2\/comments?post=42236"}],"version-history":[{"count":2,"href":"https:\/\/vocesdebaires.com.ar\/index.php\/wp-json\/wp\/v2\/posts\/42236\/revisions"}],"predecessor-version":[{"id":42239,"href":"https:\/\/vocesdebaires.com.ar\/index.php\/wp-json\/wp\/v2\/posts\/42236\/revisions\/42239"}],"wp:featuredmedia":[{"embeddable":true,"href":"https:\/\/vocesdebaires.com.ar\/index.php\/wp-json\/wp\/v2\/media\/42237"}],"wp:attachment":[{"href":"https:\/\/vocesdebaires.com.ar\/index.php\/wp-json\/wp\/v2\/media?parent=42236"}],"wp:term":[{"taxonomy":"category","embeddable":true,"href":"https:\/\/vocesdebaires.com.ar\/index.php\/wp-json\/wp\/v2\/categories?post=42236"},{"taxonomy":"post_tag","embeddable":true,"href":"https:\/\/vocesdebaires.com.ar\/index.php\/wp-json\/wp\/v2\/tags?post=42236"}],"curies":[{"name":"wp","href":"https:\/\/api.w.org\/{rel}","templated":true}]}}