{"id":4224,"date":"2019-12-16T03:00:00","date_gmt":"2019-12-16T06:00:00","guid":{"rendered":"http:\/\/vocesdebaires.com.ar\/wordpress\/index.php\/2019\/12\/16\/entregaron-medallas-a-legisladores-salientes\/"},"modified":"2019-12-16T03:00:00","modified_gmt":"2019-12-16T06:00:00","slug":"entregaron-medallas-a-legisladores-salientes","status":"publish","type":"post","link":"https:\/\/vocesdebaires.com.ar\/index.php\/2019\/12\/16\/entregaron-medallas-a-legisladores-salientes\/","title":{"rendered":"Entregaron medallas a legisladores salientes"},"content":{"rendered":"<p>Con motivo de haber cumplido el mandato 2015-2019, durante un acto que se realiz\u00f3 el pasado viernes al mediod\u00eda en el sal\u00f3n Dorado de la sede parlamentaria, los 30 legisladores que dejan sus bancas en la Legislatura porte\u00f1a recibieron medallas recordatorias de manos de los vicepresidentes I, II y III, legisladores Agust\u00edn Forchieri (VJ), Mar\u00eda Rosa Mui\u00f1os (BP) y Roy Cortina (PS), respectivamente, y del secretario administrativo, Jorge Anzorreguy.En sus palabras de despedida, Forchieri expres\u00f3: &quot;Hoy nos toca ver partir a quienes han aportado con sus miradas, ideas y proyectos para mejorar la vida de los ciudadanos.<\/p>\n<p>Siempre valoramos el trabajo de los otros y hemos llegado a consensos en temas relevantes. Les deseo el mayor de los \u00e9xitos en lo que cada uno se proponga&quot;.Concluyeron su mandato los legisladores del PRO: Omar Abboud, Jos\u00e9 Luis Acevedo, Christian Bauab, Mercedes De Las Casas, Daniel Del Sol, Carolina Estebarena, Maximiliano Ferraro, Natalia Fidel, Diego Garc\u00eda de Garc\u00eda Vilas, Diego Mar\u00edas, Eduardo Petrini, Daniel Presti, Federico Pugliese, L\u00eda Rueda, Maximiliano Sahonero, Eduardo Santamarina, Paula Villalba y Jian Ping Yuan. De Unidad Ciudadana: Javier Andrade, Andrea Conde, Paula Penacca y Carlos Tomada.<\/p>\n<p>Otros legisladores que terminaron sus funciones son del Partido Socialista, Roy Cortina; de Mejor Ciudad, Marcelo Depierro; de Evoluci\u00f3n, Marcelo Guouman y Patricia Vischi; de Bloque Peronista Silvia Gottero y Claudio Heredia; de Autodeterminaci\u00f3n y Libertad, Fernando Vilardo, y de Izquierda Socialista, Laura Marrone.<br \/>En tanto, los que renuevan su banca son Cortina, De las Casas, Del Sol, Estebarena, Fidel, Guouman y Vischi.<\/p>\n","protected":false},"excerpt":{"rendered":"<p>Con motivo de haber cumplido el mandato 2015-2019, durante un acto que se realiz\u00f3 el pasado viernes al mediod\u00eda en el sal\u00f3n Dorado de la sede parlamentaria, los 30 legisladores que dejan sus bancas en la Legislatura porte\u00f1a recibieron medallas recordatorias de manos de los vicepresidentes I, II y III, legisladores Agust\u00edn Forchieri (VJ), Mar\u00eda [&hellip;]<\/p>\n","protected":false},"author":1,"featured_media":4225,"comment_status":"open","ping_status":"open","sticky":false,"template":"","format":"standard","meta":{"_et_pb_use_builder":"","_et_pb_old_content":"","_et_gb_content_width":"","footnotes":""},"categories":[11,33],"tags":[],"class_list":["post-4224","post","type-post","status-publish","format-standard","has-post-thumbnail","hentry","category-ciudad","category-sociedad-y-cultura-2"],"_links":{"self":[{"href":"https:\/\/vocesdebaires.com.ar\/index.php\/wp-json\/wp\/v2\/posts\/4224"}],"collection":[{"href":"https:\/\/vocesdebaires.com.ar\/index.php\/wp-json\/wp\/v2\/posts"}],"about":[{"href":"https:\/\/vocesdebaires.com.ar\/index.php\/wp-json\/wp\/v2\/types\/post"}],"author":[{"embeddable":true,"href":"https:\/\/vocesdebaires.com.ar\/index.php\/wp-json\/wp\/v2\/users\/1"}],"replies":[{"embeddable":true,"href":"https:\/\/vocesdebaires.com.ar\/index.php\/wp-json\/wp\/v2\/comments?post=4224"}],"version-history":[{"count":0,"href":"https:\/\/vocesdebaires.com.ar\/index.php\/wp-json\/wp\/v2\/posts\/4224\/revisions"}],"wp:featuredmedia":[{"embeddable":true,"href":"https:\/\/vocesdebaires.com.ar\/index.php\/wp-json\/wp\/v2\/media\/4225"}],"wp:attachment":[{"href":"https:\/\/vocesdebaires.com.ar\/index.php\/wp-json\/wp\/v2\/media?parent=4224"}],"wp:term":[{"taxonomy":"category","embeddable":true,"href":"https:\/\/vocesdebaires.com.ar\/index.php\/wp-json\/wp\/v2\/categories?post=4224"},{"taxonomy":"post_tag","embeddable":true,"href":"https:\/\/vocesdebaires.com.ar\/index.php\/wp-json\/wp\/v2\/tags?post=4224"}],"curies":[{"name":"wp","href":"https:\/\/api.w.org\/{rel}","templated":true}]}}