{"id":42243,"date":"2023-01-20T14:40:04","date_gmt":"2023-01-20T17:40:04","guid":{"rendered":"https:\/\/vocesdebaires.com.ar\/?p=42243"},"modified":"2023-01-20T14:40:04","modified_gmt":"2023-01-20T17:40:04","slug":"santilli-cuestiono-a-kicillof-y-dijo-en-las-malas-siempre-se-borra","status":"publish","type":"post","link":"https:\/\/vocesdebaires.com.ar\/index.php\/2023\/01\/20\/santilli-cuestiono-a-kicillof-y-dijo-en-las-malas-siempre-se-borra\/","title":{"rendered":"Santilli cuestion\u00f3 a Kicillof y dijo en las malas \u201csiempre se borra\u201d"},"content":{"rendered":"<p>El diputado nacional del PRO y referente del espacio en la Provincia, Diego Santilli, apunt\u00f3 ayer contra la administraci\u00f3n de Axel Kicillof por su \u201cinacci\u00f3n\u201d frente a la dura sequ\u00eda que est\u00e1 golpeando determinadas zonas productivas de la Provincia que genera enormes p\u00e9rdidas millonarias. \u201cEl gobernador llega tarde como siempre. Solo es socio en las ganancias y se borra en las p\u00e9rdidas\u201d, dispar\u00f3. Asegur\u00f3 que se perder\u00e1n 14 mil millones de d\u00f3lares en las exportaciones. Santilli estuvo recorriendo este jueves la ciudad de Pergamino, uno de los sitios m\u00e1s afectados por la situaci\u00f3n, junto al intendente local, Javier Mart\u00ednez.<\/p>\n<p>\u201cTiene que dejar de ver al campo como un enemigo, el campo es el motor de la Provincia\u201d, se\u00f1al\u00f3 el dirigente bonaerense. En ese punto, resalt\u00f3 que desde mitad de 2022 \u201cse advert\u00eda el impacto de la sequ\u00eda\u201d, y agreg\u00f3 que el gobernador \u201cse ve que nunca se enter\u00f3 de esta situaci\u00f3n\u201d. Tambi\u00e9n cuestion\u00f3 que los \u201cproductores no fueron escuchados\u201d, y exigi\u00f3 que se \u201cagilice la ayuda porque lo que est\u00e1 haciendo el gobernador es insuficiente, lento y, otra vez, tarde\u201d. Ante esta situaci\u00f3n, Santilli precis\u00f3 que actualmente la mitad de la Provincia de Buenos Aires esta\u0301 con problemas de sequ\u00eda, donde hay m\u00e1s de 150 mil KM2 afectados. \u201cLa zona norte, conocida como el n\u00facleo de la producci\u00f3n, es la m\u00e1s afectada\u201d, lament\u00f3 el legislador nacional.<\/p>\n<p>Asimismo, se\u00f1al\u00f3 que se estima que el impacto de la sequ\u00eda en materia de exportaci\u00f3n es de \u201cUSD 14.000 millones\u201d, que representa el 1.8% del PBI. \u201cS\u00f3lo en soja, en la Provincia fueron 300 mil hect\u00e1reas menos. Un n\u00famero similar para el ma\u00edz. Esta sequ\u00eda afect\u00f3 la cosecha fina, trigo y cebada, que se siembra en invierno y se cosecha a fin de a\u00f1o. Ya para la siembra gruesa de soja, ma\u00edz y girasol, se habla de una p\u00e9rdida del 50% de la producci\u00f3n\u201d, a\u00f1adi\u00f3 el diputado.La mayor parte de los tambos de la Provincia de Buenos Aires se han quedado sin alimentos. \u201cSon miles de familias que viven de esto. La situaci\u00f3n es compleja en Jun\u00edn, Rojas, Chacabuco, Bragado, Pergamino, entre otros\u201d, dijo Santilli.<\/p>\n<p>A la vez, pidi\u00f3 pr\u00f3rrogas impositivas y cr\u00e9ditos productivos. \u201cTambi\u00e9n hay que trabajar en la modificaci\u00f3n de la Ley de Emergencia que es de 1986, con cambios en el medio, pero que ya no alcanzan. Pero m\u00e1s all\u00e1 de eso, estamos atravesando una de las peores sequ\u00edas de los \u00faltimos 60 a\u00f1os y el gobierno no puede quedarse de brazos cruzados solamente declarando la Emergencia y tomando medidas que no le sirven a los productores\u201d, finaliz\u00f3.<\/p>\n","protected":false},"excerpt":{"rendered":"<p>El diputado nacional del PRO y referente del espacio en la Provincia, Diego Santilli, apunt\u00f3 ayer contra la administraci\u00f3n de Axel Kicillof por su \u201cinacci\u00f3n\u201d frente a la dura sequ\u00eda que est\u00e1 golpeando determinadas zonas productivas de la Provincia que genera enormes p\u00e9rdidas millonarias. \u201cEl gobernador llega tarde como siempre. Solo es socio en las [&hellip;]<\/p>\n","protected":false},"author":2,"featured_media":42244,"comment_status":"open","ping_status":"open","sticky":false,"template":"","format":"standard","meta":{"_et_pb_use_builder":"","_et_pb_old_content":"","_et_gb_content_width":"","footnotes":""},"categories":[34,13],"tags":[],"class_list":["post-42243","post","type-post","status-publish","format-standard","has-post-thumbnail","hentry","category-politica","category-provincia"],"_links":{"self":[{"href":"https:\/\/vocesdebaires.com.ar\/index.php\/wp-json\/wp\/v2\/posts\/42243"}],"collection":[{"href":"https:\/\/vocesdebaires.com.ar\/index.php\/wp-json\/wp\/v2\/posts"}],"about":[{"href":"https:\/\/vocesdebaires.com.ar\/index.php\/wp-json\/wp\/v2\/types\/post"}],"author":[{"embeddable":true,"href":"https:\/\/vocesdebaires.com.ar\/index.php\/wp-json\/wp\/v2\/users\/2"}],"replies":[{"embeddable":true,"href":"https:\/\/vocesdebaires.com.ar\/index.php\/wp-json\/wp\/v2\/comments?post=42243"}],"version-history":[{"count":1,"href":"https:\/\/vocesdebaires.com.ar\/index.php\/wp-json\/wp\/v2\/posts\/42243\/revisions"}],"predecessor-version":[{"id":42245,"href":"https:\/\/vocesdebaires.com.ar\/index.php\/wp-json\/wp\/v2\/posts\/42243\/revisions\/42245"}],"wp:featuredmedia":[{"embeddable":true,"href":"https:\/\/vocesdebaires.com.ar\/index.php\/wp-json\/wp\/v2\/media\/42244"}],"wp:attachment":[{"href":"https:\/\/vocesdebaires.com.ar\/index.php\/wp-json\/wp\/v2\/media?parent=42243"}],"wp:term":[{"taxonomy":"category","embeddable":true,"href":"https:\/\/vocesdebaires.com.ar\/index.php\/wp-json\/wp\/v2\/categories?post=42243"},{"taxonomy":"post_tag","embeddable":true,"href":"https:\/\/vocesdebaires.com.ar\/index.php\/wp-json\/wp\/v2\/tags?post=42243"}],"curies":[{"name":"wp","href":"https:\/\/api.w.org\/{rel}","templated":true}]}}