{"id":42249,"date":"2023-01-20T14:52:17","date_gmt":"2023-01-20T17:52:17","guid":{"rendered":"https:\/\/vocesdebaires.com.ar\/?p=42249"},"modified":"2023-01-20T14:52:17","modified_gmt":"2023-01-20T17:52:17","slug":"verano-en-tapalque-velloso-celebra-su-96-aniversario","status":"publish","type":"post","link":"https:\/\/vocesdebaires.com.ar\/index.php\/2023\/01\/20\/verano-en-tapalque-velloso-celebra-su-96-aniversario\/","title":{"rendered":"Verano en Tapalqu\u00e9: Velloso Celebra su 96\u00b0 Aniversario"},"content":{"rendered":"<p>Ubicado a unos 55 km de la ciudad de cabecera de Tapalqu\u00e9, el peque\u00f1o pueblo rural Velloso cumple sus primeros 96 a\u00f1os. Instalado alrededor de la Estaci\u00f3n del tren Belgrano, el pueblo fue creciendo sobre unas tierras donadas por la Familia Velloso y de ah\u00ed tom\u00f3 su nombre desde el origen. Sus apenas 130 y pocos habitantes se preparan para un festejo a pura naturaleza, asado y m\u00fasica en un evento que convoca no s\u00f3lo a los vecinos sino a los visitantes a disfrutar de todo un d\u00eda de actividades. El aniversario es el d\u00eda 20 de enero, pero la gran fiesta comunal se realizar\u00e1 el d\u00eda domingo 22 de enero.<\/p>\n<p>El encanto de las fiestas populares en estos peque\u00f1os pueblos de interior de la Provincia de Buenos Aires es, sin dudas, uno de sus principales atractivos. Ese ritmo campestre tranquilo, el entorno sin horizontes cercanos, las dormidas v\u00edas del tren que dejaron de utilizarse a mediados de los 60 y la calidez indiscutible de la gente despiertan sentimientos encontrados, sobre todo a los visitantes urbanos que llegan buscando la paz del campo.<\/p>\n<p>El pueblo se prepara durante d\u00edas, cocinan sus panes y pasteles, decoran las calles con un entusiasmo \u00fanico de esta \u00e9poca del a\u00f1o, cuando se cumple un a\u00f1o m\u00e1s de vida. Tras el acto protocolar a las 10 de la ma\u00f1ana, habr\u00e1 un reconocimiento a vecinos para m\u00e1s tarde inaugurar la tan esperada Biblioteca P\u00fablica. A las 12 hs comenzar\u00e1 la venta de carne asada que m\u00e1s tarde se coronar\u00e1 con una sobremesa folcl\u00f3rica a cargo de Humberto Pallero. La cantina y el kiosco ser\u00e1n a beneficio de instituciones locales.<\/p>\n<p>A partir de las 15 hs habr\u00e1 juegos, campeonato de tejo, taller de elaboraci\u00f3n de torta negra y pileta libre, en tanto a las 18 hs comenzar\u00e1n los espect\u00e1culos art\u00edsticos con la conducci\u00f3n de Luis Alberto Ferrando. A lo largo de la tarde se presentar\u00e1 el Taller Municipal de Ritmos Urbanos (Prof. Maximiliano Ortiz), la Escuela de Danzas Nativas Argentinas (Prof. Gladys Capdevila) Luz de Luna y cerrar\u00e1 las presentaciones Dulce Sensaci\u00f3n. Para aquellos interesados habr\u00e1 transporte gratuito desde Tapalqu\u00e9, previa inscripci\u00f3n en la oficina de Turismo (02281)594553. Los que lleguen en auto tienen que ingresar por caminos rurales y los accesos de las rutas N\u00ba3, N\u00ba61, N\u00ba51.<\/p>\n","protected":false},"excerpt":{"rendered":"<p>Ubicado a unos 55 km de la ciudad de cabecera de Tapalqu\u00e9, el peque\u00f1o pueblo rural Velloso cumple sus primeros 96 a\u00f1os. Instalado alrededor de la Estaci\u00f3n del tren Belgrano, el pueblo fue creciendo sobre unas tierras donadas por la Familia Velloso y de ah\u00ed tom\u00f3 su nombre desde el origen. Sus apenas 130 y [&hellip;]<\/p>\n","protected":false},"author":2,"featured_media":42250,"comment_status":"open","ping_status":"open","sticky":false,"template":"","format":"standard","meta":{"_et_pb_use_builder":"","_et_pb_old_content":"","_et_gb_content_width":"","footnotes":""},"categories":[13,33],"tags":[],"class_list":["post-42249","post","type-post","status-publish","format-standard","has-post-thumbnail","hentry","category-provincia","category-sociedad-y-cultura-2"],"_links":{"self":[{"href":"https:\/\/vocesdebaires.com.ar\/index.php\/wp-json\/wp\/v2\/posts\/42249"}],"collection":[{"href":"https:\/\/vocesdebaires.com.ar\/index.php\/wp-json\/wp\/v2\/posts"}],"about":[{"href":"https:\/\/vocesdebaires.com.ar\/index.php\/wp-json\/wp\/v2\/types\/post"}],"author":[{"embeddable":true,"href":"https:\/\/vocesdebaires.com.ar\/index.php\/wp-json\/wp\/v2\/users\/2"}],"replies":[{"embeddable":true,"href":"https:\/\/vocesdebaires.com.ar\/index.php\/wp-json\/wp\/v2\/comments?post=42249"}],"version-history":[{"count":1,"href":"https:\/\/vocesdebaires.com.ar\/index.php\/wp-json\/wp\/v2\/posts\/42249\/revisions"}],"predecessor-version":[{"id":42251,"href":"https:\/\/vocesdebaires.com.ar\/index.php\/wp-json\/wp\/v2\/posts\/42249\/revisions\/42251"}],"wp:featuredmedia":[{"embeddable":true,"href":"https:\/\/vocesdebaires.com.ar\/index.php\/wp-json\/wp\/v2\/media\/42250"}],"wp:attachment":[{"href":"https:\/\/vocesdebaires.com.ar\/index.php\/wp-json\/wp\/v2\/media?parent=42249"}],"wp:term":[{"taxonomy":"category","embeddable":true,"href":"https:\/\/vocesdebaires.com.ar\/index.php\/wp-json\/wp\/v2\/categories?post=42249"},{"taxonomy":"post_tag","embeddable":true,"href":"https:\/\/vocesdebaires.com.ar\/index.php\/wp-json\/wp\/v2\/tags?post=42249"}],"curies":[{"name":"wp","href":"https:\/\/api.w.org\/{rel}","templated":true}]}}