{"id":42256,"date":"2023-01-23T00:00:51","date_gmt":"2023-01-23T03:00:51","guid":{"rendered":"https:\/\/vocesdebaires.com.ar\/?p=42256"},"modified":"2023-01-22T16:05:43","modified_gmt":"2023-01-22T19:05:43","slug":"la-ciudad-ilumino-el-obelisco-por-el-ano-nuevo-chino","status":"publish","type":"post","link":"https:\/\/vocesdebaires.com.ar\/index.php\/2023\/01\/23\/la-ciudad-ilumino-el-obelisco-por-el-ano-nuevo-chino\/","title":{"rendered":"La Ciudad ilumin\u00f3 el Obelisco por el A\u00f1o Nuevo Chino"},"content":{"rendered":"<p>La Ciudad de Buenos Aires junto a la Colectividad China en Argentina, con gran entusiasmo y como cada a\u00f1o, invita a celebrar el Festival de la Primavera, m\u00e1s conocido como A\u00f1o Nuevo Chino. Y para acompa\u00f1ar esta fiesta el Ministerio de Espacio P\u00fablico e Higiene Urbana ilumin\u00f3 el Obelisco desde las 20.30 hasta las 23.59 hs. ayer 22 de enero. La iluminaci\u00f3n del Obelisco fue posible gracias a que al proyecto de iluminaci\u00f3n Led de la Ciudad se le sum\u00f3 la telegesti\u00f3n.<\/p>\n<p>Este nuevo a\u00f1o ser\u00e1 el a\u00f1o del Conejo de agua y habr\u00e1 actividades en la Plaza Parques Nacionales, en lo que ser\u00e1 la 11 edici\u00f3n del BA Celebra A\u00f1o Nuevo Chino.<br \/>\nSobre el A\u00f1o Nuevo Chino El A\u00f1o Nuevo Chino, tambi\u00e9n denominado Fiesta de la Primavera, es la festividad tradicional m\u00e1s importante del a\u00f1o en el calendario chino, celebrada tambi\u00e9n en otros pa\u00edses en el este y del sudeste de Asia. El a\u00f1o 2023 ser\u00e1 en la Rep\u00fablica Popular China el a\u00f1o 4721, el a\u00f1o del Conejo de agua. En chino, \u6c34\u5154\u5e74<\/p>\n","protected":false},"excerpt":{"rendered":"<p>La Ciudad de Buenos Aires junto a la Colectividad China en Argentina, con gran entusiasmo y como cada a\u00f1o, invita a celebrar el Festival de la Primavera, m\u00e1s conocido como A\u00f1o Nuevo Chino. Y para acompa\u00f1ar esta fiesta el Ministerio de Espacio P\u00fablico e Higiene Urbana ilumin\u00f3 el Obelisco desde las 20.30 hasta las 23.59 [&hellip;]<\/p>\n","protected":false},"author":3,"featured_media":42257,"comment_status":"open","ping_status":"open","sticky":false,"template":"","format":"standard","meta":{"_et_pb_use_builder":"","_et_pb_old_content":"","_et_gb_content_width":"","footnotes":""},"categories":[11,33],"tags":[],"class_list":["post-42256","post","type-post","status-publish","format-standard","has-post-thumbnail","hentry","category-ciudad","category-sociedad-y-cultura-2"],"_links":{"self":[{"href":"https:\/\/vocesdebaires.com.ar\/index.php\/wp-json\/wp\/v2\/posts\/42256"}],"collection":[{"href":"https:\/\/vocesdebaires.com.ar\/index.php\/wp-json\/wp\/v2\/posts"}],"about":[{"href":"https:\/\/vocesdebaires.com.ar\/index.php\/wp-json\/wp\/v2\/types\/post"}],"author":[{"embeddable":true,"href":"https:\/\/vocesdebaires.com.ar\/index.php\/wp-json\/wp\/v2\/users\/3"}],"replies":[{"embeddable":true,"href":"https:\/\/vocesdebaires.com.ar\/index.php\/wp-json\/wp\/v2\/comments?post=42256"}],"version-history":[{"count":2,"href":"https:\/\/vocesdebaires.com.ar\/index.php\/wp-json\/wp\/v2\/posts\/42256\/revisions"}],"predecessor-version":[{"id":42259,"href":"https:\/\/vocesdebaires.com.ar\/index.php\/wp-json\/wp\/v2\/posts\/42256\/revisions\/42259"}],"wp:featuredmedia":[{"embeddable":true,"href":"https:\/\/vocesdebaires.com.ar\/index.php\/wp-json\/wp\/v2\/media\/42257"}],"wp:attachment":[{"href":"https:\/\/vocesdebaires.com.ar\/index.php\/wp-json\/wp\/v2\/media?parent=42256"}],"wp:term":[{"taxonomy":"category","embeddable":true,"href":"https:\/\/vocesdebaires.com.ar\/index.php\/wp-json\/wp\/v2\/categories?post=42256"},{"taxonomy":"post_tag","embeddable":true,"href":"https:\/\/vocesdebaires.com.ar\/index.php\/wp-json\/wp\/v2\/tags?post=42256"}],"curies":[{"name":"wp","href":"https:\/\/api.w.org\/{rel}","templated":true}]}}