{"id":42264,"date":"2023-01-23T00:00:52","date_gmt":"2023-01-23T03:00:52","guid":{"rendered":"https:\/\/vocesdebaires.com.ar\/?p=42264"},"modified":"2023-01-22T16:13:56","modified_gmt":"2023-01-22T19:13:56","slug":"accede-a-todas-las-busquedas-de-empleo-en-trabajo-ba","status":"publish","type":"post","link":"https:\/\/vocesdebaires.com.ar\/index.php\/2023\/01\/23\/accede-a-todas-las-busquedas-de-empleo-en-trabajo-ba\/","title":{"rendered":"Acced\u00e9 a todas las b\u00fasquedas de empleo en Trabajo BA"},"content":{"rendered":"<p>La Ciudad a trav\u00e9s de Trabajo BA publica todos los d\u00edas informaci\u00f3n sobre las b\u00fasquedas laborales en distintos oficios y rubros de Buenos Aires. Las ofertas pueden encontrarse a trav\u00e9s del sitio web o en las cuentas que el \u00e1rea tiene en Facebook y Twitter. Busca una serie de recientes publicadas en el canal de Facebook.<\/p>\n","protected":false},"excerpt":{"rendered":"<p>La Ciudad a trav\u00e9s de Trabajo BA publica todos los d\u00edas informaci\u00f3n sobre las b\u00fasquedas laborales en distintos oficios y rubros de Buenos Aires. Las ofertas pueden encontrarse a trav\u00e9s del sitio web o en las cuentas que el \u00e1rea tiene en Facebook y Twitter. Busca una serie de recientes publicadas en el canal de [&hellip;]<\/p>\n","protected":false},"author":3,"featured_media":42265,"comment_status":"open","ping_status":"open","sticky":false,"template":"","format":"standard","meta":{"_et_pb_use_builder":"","_et_pb_old_content":"","_et_gb_content_width":"","footnotes":""},"categories":[11,33],"tags":[],"class_list":["post-42264","post","type-post","status-publish","format-standard","has-post-thumbnail","hentry","category-ciudad","category-sociedad-y-cultura-2"],"_links":{"self":[{"href":"https:\/\/vocesdebaires.com.ar\/index.php\/wp-json\/wp\/v2\/posts\/42264"}],"collection":[{"href":"https:\/\/vocesdebaires.com.ar\/index.php\/wp-json\/wp\/v2\/posts"}],"about":[{"href":"https:\/\/vocesdebaires.com.ar\/index.php\/wp-json\/wp\/v2\/types\/post"}],"author":[{"embeddable":true,"href":"https:\/\/vocesdebaires.com.ar\/index.php\/wp-json\/wp\/v2\/users\/3"}],"replies":[{"embeddable":true,"href":"https:\/\/vocesdebaires.com.ar\/index.php\/wp-json\/wp\/v2\/comments?post=42264"}],"version-history":[{"count":1,"href":"https:\/\/vocesdebaires.com.ar\/index.php\/wp-json\/wp\/v2\/posts\/42264\/revisions"}],"predecessor-version":[{"id":42266,"href":"https:\/\/vocesdebaires.com.ar\/index.php\/wp-json\/wp\/v2\/posts\/42264\/revisions\/42266"}],"wp:featuredmedia":[{"embeddable":true,"href":"https:\/\/vocesdebaires.com.ar\/index.php\/wp-json\/wp\/v2\/media\/42265"}],"wp:attachment":[{"href":"https:\/\/vocesdebaires.com.ar\/index.php\/wp-json\/wp\/v2\/media?parent=42264"}],"wp:term":[{"taxonomy":"category","embeddable":true,"href":"https:\/\/vocesdebaires.com.ar\/index.php\/wp-json\/wp\/v2\/categories?post=42264"},{"taxonomy":"post_tag","embeddable":true,"href":"https:\/\/vocesdebaires.com.ar\/index.php\/wp-json\/wp\/v2\/tags?post=42264"}],"curies":[{"name":"wp","href":"https:\/\/api.w.org\/{rel}","templated":true}]}}