{"id":42271,"date":"2023-01-23T00:00:23","date_gmt":"2023-01-23T03:00:23","guid":{"rendered":"https:\/\/vocesdebaires.com.ar\/?p=42271"},"modified":"2023-01-22T16:24:20","modified_gmt":"2023-01-22T19:24:20","slug":"la-ciudad-iluminara-monumentos-durante-el-verano","status":"publish","type":"post","link":"https:\/\/vocesdebaires.com.ar\/index.php\/2023\/01\/23\/la-ciudad-iluminara-monumentos-durante-el-verano\/","title":{"rendered":"La Ciudad iluminar\u00e1 monumentos durante el verano"},"content":{"rendered":"<p>El Ministerio de Espacio P\u00fablico e Higiene Urbana realiza una serie de iluminaciones durante los meses de enero y febrero, para conmemorar d\u00edas nacionales de pa\u00edses o por campa\u00f1as de concientizaci\u00f3n y\/o prevenci\u00f3n.ayer domingo 22 de enero fue por el A\u00f1o Nuevo Chino, el 26 de enero por el D\u00eda de la India, el 4 de febrero por el D\u00eda Mundial del C\u00e1ncer y el 20 de febrero por el D\u00eda de Kuwait. El primero de 20.30 a 23.59 y los siguientes de 20 a 23.59 hs.<\/p>\n<p>Por el D\u00eda de la India se iluminan el Palacio Lezama, la Usina del Arte y la Floralis de naranja, blanco y verde (26 de enero, de 20 a 23.59 hs). Por el D\u00eda Mundial del C\u00e1ncer se iluminan la Floralis, la Usina del Arte, el Palacio Lezama, la Torre Monumental y el Puente de la Mujer de naranja (4 de febrero, de 20 a 23.59 hs). Por el D\u00eda de Kuwait se iluminan el Puente de la Mujer, la Usina del Arte y el Palacio Lezama de verde, blanco y rojo (20 de febrero, de 20 a 23.59 hs).<\/p>\n<p><strong>Sobre la iluminaci\u00f3n de monumentos<\/strong><br \/>\nLa iluminaci\u00f3n de monumentos y fachadas emblem\u00e1ticas de la Ciudad es posible gracias a que al proyecto de iluminaci\u00f3n Led se le sum\u00f3 la telegesti\u00f3n. Esta tecnolog\u00eda permite programar de forma remota y anticipada las iluminaciones tem\u00e1ticas, con variaciones de intensidad y color, en conmemoraci\u00f3n de fechas nacionales de pa\u00edses o aniversarios (A\u00f1o Nuevo Chino, D\u00eda Mundial del C\u00e1ncer, D\u00eda de la India, D\u00eda de Kuwait, Mundial Qatar, D\u00eda de Panam\u00e1, D\u00eda de Angola, D\u00eda de Nigeria, D\u00eda de Austria, D\u00eda de Turqu\u00eda, D\u00eda de la Independencia de Centro Am\u00e9rica, Chile, M\u00e9xico, Eslovaquia, Brasil, Costa Rica, Armenia, Arabia Saudita, 211 a\u00f1os de la Firma del Acta de Independencia de Venezuela, D\u00eda de la Independencia Argentina, Montenegro, Polonia, Colombia, B\u00e9lgica, Galicia, Per\u00fa, Bolivia, Uruguay, D\u00eda de la Bandera, Paso a la inmortalidad de G\u00fcemes, Portugal, Italia, Inmigrante Italiano, Europa, \u00c1frica, Noruega, Azerbaiy\u00e1n, Paraguay, Revoluci\u00f3n de Mayo, Pakist\u00e1n, San Patricio, Mes de la Mujer, D\u00eda de la Mujer, Ucrania, D\u00eda del Emperador, A\u00f1o Nuevo Chino, independencias de Finlandia, Panam\u00e1, D\u00eda de la Polic\u00eda, D\u00eda de las Infancias, Austria, Rep\u00fablica Checa, Turqu\u00eda, Espa\u00f1a, Azerbaiy\u00e1n, Brasil, Arabia Saudita, Malasia, Eslovaquia, M\u00e9xico, Eslovenia, Croacia, Ecuador, San Mart\u00edn, etc).<\/p>\n","protected":false},"excerpt":{"rendered":"<p>El Ministerio de Espacio P\u00fablico e Higiene Urbana realiza una serie de iluminaciones durante los meses de enero y febrero, para conmemorar d\u00edas nacionales de pa\u00edses o por campa\u00f1as de concientizaci\u00f3n y\/o prevenci\u00f3n.ayer domingo 22 de enero fue por el A\u00f1o Nuevo Chino, el 26 de enero por el D\u00eda de la India, el 4 [&hellip;]<\/p>\n","protected":false},"author":2,"featured_media":42272,"comment_status":"open","ping_status":"open","sticky":false,"template":"","format":"standard","meta":{"_et_pb_use_builder":"","_et_pb_old_content":"","_et_gb_content_width":"","footnotes":""},"categories":[11,33],"tags":[],"class_list":["post-42271","post","type-post","status-publish","format-standard","has-post-thumbnail","hentry","category-ciudad","category-sociedad-y-cultura-2"],"_links":{"self":[{"href":"https:\/\/vocesdebaires.com.ar\/index.php\/wp-json\/wp\/v2\/posts\/42271"}],"collection":[{"href":"https:\/\/vocesdebaires.com.ar\/index.php\/wp-json\/wp\/v2\/posts"}],"about":[{"href":"https:\/\/vocesdebaires.com.ar\/index.php\/wp-json\/wp\/v2\/types\/post"}],"author":[{"embeddable":true,"href":"https:\/\/vocesdebaires.com.ar\/index.php\/wp-json\/wp\/v2\/users\/2"}],"replies":[{"embeddable":true,"href":"https:\/\/vocesdebaires.com.ar\/index.php\/wp-json\/wp\/v2\/comments?post=42271"}],"version-history":[{"count":1,"href":"https:\/\/vocesdebaires.com.ar\/index.php\/wp-json\/wp\/v2\/posts\/42271\/revisions"}],"predecessor-version":[{"id":42273,"href":"https:\/\/vocesdebaires.com.ar\/index.php\/wp-json\/wp\/v2\/posts\/42271\/revisions\/42273"}],"wp:featuredmedia":[{"embeddable":true,"href":"https:\/\/vocesdebaires.com.ar\/index.php\/wp-json\/wp\/v2\/media\/42272"}],"wp:attachment":[{"href":"https:\/\/vocesdebaires.com.ar\/index.php\/wp-json\/wp\/v2\/media?parent=42271"}],"wp:term":[{"taxonomy":"category","embeddable":true,"href":"https:\/\/vocesdebaires.com.ar\/index.php\/wp-json\/wp\/v2\/categories?post=42271"},{"taxonomy":"post_tag","embeddable":true,"href":"https:\/\/vocesdebaires.com.ar\/index.php\/wp-json\/wp\/v2\/tags?post=42271"}],"curies":[{"name":"wp","href":"https:\/\/api.w.org\/{rel}","templated":true}]}}