{"id":42278,"date":"2023-01-23T00:00:22","date_gmt":"2023-01-23T03:00:22","guid":{"rendered":"https:\/\/vocesdebaires.com.ar\/?p=42278"},"modified":"2023-01-22T16:37:30","modified_gmt":"2023-01-22T19:37:30","slug":"ba-playa-2023-una-propuesta-ideal-para-las-vacaciones","status":"publish","type":"post","link":"https:\/\/vocesdebaires.com.ar\/index.php\/2023\/01\/23\/ba-playa-2023-una-propuesta-ideal-para-las-vacaciones\/","title":{"rendered":"BA Playa 2023, una propuesta ideal para las vacaciones"},"content":{"rendered":"<p>Hasta el 26 de febrero funcionar\u00e1 Buenos Aires Playa 2023, una propuesta ideal para los vecinos que pasan el verano en la Ciudad. En esta edici\u00f3n, habr\u00e1 actividades recreativas en \u00e1reas especialmente pensadas para que personas de todas las edades, disfruten de la playa sin salir del entorno urbano. Una propuesta ideal para que los vecinos aprovechen de los espacios verdes, junto a amigos y familiares, Buenos Aires Playa 2023 ser\u00e1 gratuito y funcionar\u00e1n dos sedes. En el norte de la Ciudad, el Parque de los Ni\u00f1os, en Av. General Paz y Av. Cantilo (colectora), en el barrio de N\u00fa\u00f1ez. Mientras que en el sur, el Parque de la Ciudad ubicado en Villa Soldati, contar\u00e1 con dos accesos: uno peatonal y vehicular en Av. Gral. Francisco Fern\u00e1ndez de la Cruz 4000, y otro \u00fanicamente peatonal en 23 de junio 4300, Barrio Ol\u00edmpico.<\/p>\n<p>Esta propuesta para vivir el verano en la Ciudad ofrece, adem\u00e1s, shows en vivo en escenarios al aire libre, juegos y actividades para pasarla muy bien, de martes a domingos, de 10 a 20.\u00a0 Quienes vayan en bici, tene\u0301s bicicleteros en los accesos a ambos parques y, para ver co\u0301mo llegar, podr\u00e1n consultar la red de ciclovi\u0301as en ecobici.buenosaires.gob.ar. En paralelo, el estacionamiento para autos ser\u00e1 gratuito, con capacidad limitada. Una vez completo, s\u00f3lo se permitira\u0301 el acceso peatonal o en bicicleta.<\/p>\n<p>Y los que lleguen en transporte p\u00fablico, dispondr\u00e1n de las siguientes l\u00edneas de colectivos: Parque de los Ni\u00f1os: l\u00edneas 15, 28 (Ramal Puente Saavedra \u2013 Ciudad Universitaria), 29, 117 y 130. Parque de la Ciudad: l\u00edneas 101, 143, 150 y Premetro (Estaci\u00f3n Parque de la Ciudad). Buenos Aires Playa es la primera playa urbana de Latinoame\u0301rica y desde su primera edicio\u0301n en 2009, ya disfrutaron de ella ma\u0301s de 5.500.000 personas.<\/p>\n<p>En esta edici\u00f3n, nos volvemos a encontrar en la playa que se encuentra en Parque de los Nin\u0303os, ubicada en el norte de la ciudad; y en la sede del sur, en el Parque de la Ciudad, que cuenta con mayor capacidad y mejores accesos para recibir a los visitantes. Ambos predios contar\u00e1n con espacios para el desarrollo de actividades deportivas y educativas, juegos, shows, talleres y clases. Es la opci\u00f3n ideal para que los vecinos puedan disfrutar de espacios verdes y actividades recreativas sin salir de la Ciudad, de forma totalmente gratuita. Cada parque contar\u00e1 con los siguientes espacios: iUpiiiii Playero, Playa Kids, Playa Mayor, Zona Recreativa, Escenario Principal, Zona Picnic y \u00e1reas comunes.<\/p>\n<p><strong>Un verano a pura diversi\u00f3n<\/strong><br \/>\nEsta nueva edici\u00f3n de Buenos Aires Playa presenta tardes especiales para toda la familia. Cada semana, los jueves, alguno de los parques presentar\u00e1 \u201cTardes de Cine\u201d con pel\u00edculas para disfrutar bajo las arboledas. Los viernes, tendremos \u201cTardes de M\u00fasica\u201d en las que se presentar\u00e1n DJs musicalizando la puesta del sol.<br \/>\nLos principales sectores de Buenos Aires Playa fueron renovados para los visitantes. iUpiiiii Playero cuenta con nuevos juegos para que los m\u00e1s peque\u00f1os sigan descubriendo nuevas formas de interactuar con su alrededor.<\/p>\n<p>Playa Mayor contar\u00e1 con nuevos talleres y clases especiales para los adultos mayores. El sector de los Juegos de agua presentar\u00e1 nuevas atracciones para los m\u00e1s peques de la familia. Como las ediciones anteriores, Buenos Aires Playas contar\u00e1 con la participaci\u00f3n del Consejo de los Derechos de Ni\u00f1as, Ni\u00f1os y Adolescentes guiando los puntos de encuentro que se encuentran en cada parque.<\/p>\n<p><strong>Destacados de programaci\u00f3n<\/strong><br \/>\n<strong>Clases de ritmos para todas las edades: martes y mi\u00e9rcoles a las 18:30; y jueves a domingos a las 16:00.<\/strong><br \/>\n<strong>Shows infantiles: s\u00e1bados y domingos a las 17:00.<\/strong><br \/>\n<strong>Shows musicales para toda la familia: s\u00e1bados y domingos a las 18:30.<\/strong><br \/>\n<strong>Tardes de cine: jueves a las 18:00 (Cada semana una sede distinta).<\/strong><br \/>\n<strong>Tardes de DJ: viernes a las 18:00 (Cada semana una sede distinta).<\/strong><\/p>\n<p>Foto: Alberto Raggio \/ GCBA<\/p>\n","protected":false},"excerpt":{"rendered":"<p>Hasta el 26 de febrero funcionar\u00e1 Buenos Aires Playa 2023, una propuesta ideal para los vecinos que pasan el verano en la Ciudad. En esta edici\u00f3n, habr\u00e1 actividades recreativas en \u00e1reas especialmente pensadas para que personas de todas las edades, disfruten de la playa sin salir del entorno urbano. Una propuesta ideal para que los [&hellip;]<\/p>\n","protected":false},"author":2,"featured_media":42279,"comment_status":"open","ping_status":"open","sticky":false,"template":"","format":"standard","meta":{"_et_pb_use_builder":"","_et_pb_old_content":"","_et_gb_content_width":"","footnotes":""},"categories":[11,33],"tags":[],"class_list":["post-42278","post","type-post","status-publish","format-standard","has-post-thumbnail","hentry","category-ciudad","category-sociedad-y-cultura-2"],"_links":{"self":[{"href":"https:\/\/vocesdebaires.com.ar\/index.php\/wp-json\/wp\/v2\/posts\/42278"}],"collection":[{"href":"https:\/\/vocesdebaires.com.ar\/index.php\/wp-json\/wp\/v2\/posts"}],"about":[{"href":"https:\/\/vocesdebaires.com.ar\/index.php\/wp-json\/wp\/v2\/types\/post"}],"author":[{"embeddable":true,"href":"https:\/\/vocesdebaires.com.ar\/index.php\/wp-json\/wp\/v2\/users\/2"}],"replies":[{"embeddable":true,"href":"https:\/\/vocesdebaires.com.ar\/index.php\/wp-json\/wp\/v2\/comments?post=42278"}],"version-history":[{"count":1,"href":"https:\/\/vocesdebaires.com.ar\/index.php\/wp-json\/wp\/v2\/posts\/42278\/revisions"}],"predecessor-version":[{"id":42280,"href":"https:\/\/vocesdebaires.com.ar\/index.php\/wp-json\/wp\/v2\/posts\/42278\/revisions\/42280"}],"wp:featuredmedia":[{"embeddable":true,"href":"https:\/\/vocesdebaires.com.ar\/index.php\/wp-json\/wp\/v2\/media\/42279"}],"wp:attachment":[{"href":"https:\/\/vocesdebaires.com.ar\/index.php\/wp-json\/wp\/v2\/media?parent=42278"}],"wp:term":[{"taxonomy":"category","embeddable":true,"href":"https:\/\/vocesdebaires.com.ar\/index.php\/wp-json\/wp\/v2\/categories?post=42278"},{"taxonomy":"post_tag","embeddable":true,"href":"https:\/\/vocesdebaires.com.ar\/index.php\/wp-json\/wp\/v2\/tags?post=42278"}],"curies":[{"name":"wp","href":"https:\/\/api.w.org\/{rel}","templated":true}]}}