{"id":42292,"date":"2023-01-24T00:00:49","date_gmt":"2023-01-24T03:00:49","guid":{"rendered":"https:\/\/vocesdebaires.com.ar\/?p=42292"},"modified":"2023-01-23T17:08:51","modified_gmt":"2023-01-23T20:08:51","slug":"ciudad-dia-nacional-del-musicocursos-de-verano-en-homenaje-a-spinetta","status":"publish","type":"post","link":"https:\/\/vocesdebaires.com.ar\/index.php\/2023\/01\/24\/ciudad-dia-nacional-del-musicocursos-de-verano-en-homenaje-a-spinetta\/","title":{"rendered":"Ciudad D\u00eda Nacional del M\u00fasico:Cursos de verano en homenaje a Spinetta"},"content":{"rendered":"<p>Por el D\u00eda Nacional del M\u00fasico, que se celebra por un nuevo aniversario del nacimiento de Luis Alberto Spinetta, quien fuera, adem\u00e1s de un \u00edcono del rock, un \u201corgulloso vecino de Villa Urquiza\u201d, Estudio Urbano abri\u00f3 la inscripci\u00f3n para los tradicionales cursos online de verano. Las capacitaciones est\u00e1n orientadas a conocer los distintos oficios del \u00e1mbito profesional y, a su vez, proveer herramientas para la gesti\u00f3n de distintos proyectos art\u00edsticos. \u00c9stas constan de cuatro clases y tienen un costo de $4000. La inscripci\u00f3n se extiende hasta el 10 de febrero o hasta agotar los cupos. Toda la informaci\u00f3n se puede consultar en la web de Estudio Urbano.<\/p>\n<p><strong>Sobre Luis Alberto Spinetta<\/strong><br \/>\nEra porte\u00f1o y, repet\u00eda, \u00abun orgulloso vecino de Villa Urquiza\u00bb. Luis Alberto Spinetta, o el Flaco a secas, amaba su barrio pero sobre todo amaba cada rinc\u00f3n de Buenos Aires. Como Buenos Aires lo amaba a \u00e9l y a su m\u00fasica que escapa tiempos y gustos. Por eso su figura inmaculada, a casi 11 a\u00f1os a\u00f1os de su muerte, se mantiene viva en cada rinc\u00f3n de las calles porte\u00f1as.<\/p>\n<p>En la placa que est\u00e1 ah\u00ed nom\u00e1s del Obelisco, en la estatua que brilla en Villa Urquiza, en el dibujo que ilustra el Paso Bajo Nivel de avenida Congreso y, por supuesto, en cada bar notable que se escucha una nueva versi\u00f3n de su \u00abmuchacha ojos de papel\u00bb. Por todo eso y por mucho m\u00e1s, cada 23 de enero, d\u00eda de su nacimiento, se celebra en Argentina el D\u00eda Nacional del M\u00fasico, a trav\u00e9s de la Ley 27.106, promulgada en el Bolet\u00edn Oficial el 26 de enero de 2015.<\/p>\n<p>En 1989 se instal\u00f3 en Villa Urquiza. Primero estuvo en Miller y Manuela Pedraza y, despu\u00e9s compr\u00f3 la casa de Iber\u00e1 5009 donde instal\u00f3 el estudio de grabaci\u00f3n.<br \/>\nCuando le tocaban el timbre pidiendo ayuda, El Flaco siempre ten\u00eda listo un plato de comida. Tambi\u00e9n colaboraba con el instituto de recuperaci\u00f3n de enfermos mentales ubicado frente a su casa. Y apoy\u00f3 con fuerza la movida vecinal por la recuperaci\u00f3n del Cine Teatro 25 de Mayo. Sus canciones viven y vivir\u00e1n por siempre en el coraz\u00f3n de los porte\u00f1os.<\/p>\n<p>Entra a: https:\/\/www.buenosaires.gob.ar\/laciudad\/noticias\/dia-nacional-del-musico-abre-la-inscripcion-para-cursos-de-verano-en-homenaje<\/p>\n","protected":false},"excerpt":{"rendered":"<p>Por el D\u00eda Nacional del M\u00fasico, que se celebra por un nuevo aniversario del nacimiento de Luis Alberto Spinetta, quien fuera, adem\u00e1s de un \u00edcono del rock, un \u201corgulloso vecino de Villa Urquiza\u201d, Estudio Urbano abri\u00f3 la inscripci\u00f3n para los tradicionales cursos online de verano. Las capacitaciones est\u00e1n orientadas a conocer los distintos oficios del [&hellip;]<\/p>\n","protected":false},"author":2,"featured_media":42293,"comment_status":"open","ping_status":"open","sticky":false,"template":"","format":"standard","meta":{"_et_pb_use_builder":"","_et_pb_old_content":"","_et_gb_content_width":"","footnotes":""},"categories":[11,33],"tags":[],"class_list":["post-42292","post","type-post","status-publish","format-standard","has-post-thumbnail","hentry","category-ciudad","category-sociedad-y-cultura-2"],"_links":{"self":[{"href":"https:\/\/vocesdebaires.com.ar\/index.php\/wp-json\/wp\/v2\/posts\/42292"}],"collection":[{"href":"https:\/\/vocesdebaires.com.ar\/index.php\/wp-json\/wp\/v2\/posts"}],"about":[{"href":"https:\/\/vocesdebaires.com.ar\/index.php\/wp-json\/wp\/v2\/types\/post"}],"author":[{"embeddable":true,"href":"https:\/\/vocesdebaires.com.ar\/index.php\/wp-json\/wp\/v2\/users\/2"}],"replies":[{"embeddable":true,"href":"https:\/\/vocesdebaires.com.ar\/index.php\/wp-json\/wp\/v2\/comments?post=42292"}],"version-history":[{"count":1,"href":"https:\/\/vocesdebaires.com.ar\/index.php\/wp-json\/wp\/v2\/posts\/42292\/revisions"}],"predecessor-version":[{"id":42294,"href":"https:\/\/vocesdebaires.com.ar\/index.php\/wp-json\/wp\/v2\/posts\/42292\/revisions\/42294"}],"wp:featuredmedia":[{"embeddable":true,"href":"https:\/\/vocesdebaires.com.ar\/index.php\/wp-json\/wp\/v2\/media\/42293"}],"wp:attachment":[{"href":"https:\/\/vocesdebaires.com.ar\/index.php\/wp-json\/wp\/v2\/media?parent=42292"}],"wp:term":[{"taxonomy":"category","embeddable":true,"href":"https:\/\/vocesdebaires.com.ar\/index.php\/wp-json\/wp\/v2\/categories?post=42292"},{"taxonomy":"post_tag","embeddable":true,"href":"https:\/\/vocesdebaires.com.ar\/index.php\/wp-json\/wp\/v2\/tags?post=42292"}],"curies":[{"name":"wp","href":"https:\/\/api.w.org\/{rel}","templated":true}]}}