{"id":42295,"date":"2023-01-24T00:00:03","date_gmt":"2023-01-24T03:00:03","guid":{"rendered":"https:\/\/vocesdebaires.com.ar\/?p=42295"},"modified":"2023-01-23T17:12:53","modified_gmt":"2023-01-23T20:12:53","slug":"amia-formacion-laboralinscriben-para-los-cursos-del-servicio","status":"publish","type":"post","link":"https:\/\/vocesdebaires.com.ar\/index.php\/2023\/01\/24\/amia-formacion-laboralinscriben-para-los-cursos-del-servicio\/","title":{"rendered":"AMIA Formaci\u00f3n laboral:Inscriben para los cursos del Servicio"},"content":{"rendered":"<p>Se encuentra abierta la inscripci\u00f3n para los cursos gratuitos de formaci\u00f3n laboral que ofrece el Servicio de Empleo AMIA (SEA) junto con la Coordinaci\u00f3n de Educaci\u00f3n No Formal del Ministerio de Educaci\u00f3n de la ciudad de Buenos Aires. En el primer cuatrimestre, que comienza el lunes 13 de marzo, se dictar\u00e1n 16 cursos, abiertos a toda la sociedad. En esta edici\u00f3n los participantes podr\u00e1n optar por las capacitaciones en \u201cAdministraci\u00f3n de consorcios\u201d, \u201cGestor\u00eda inmobiliaria, \u201cGestor\u00eda del automotor\u201d, \u201cAuxiliar administrativo\u201d, \u201cLiquidaci\u00f3n de sueldos y jornales\u201d, \u201cTaller de cargas sociales\u201d, \u201cTaller de ganancias 4\u00aa categor\u00eda\u201d, \u201cIntroducci\u00f3n al comercio exterior\u201d, \u201cConfiguraci\u00f3n y uso de celulares\u201d, \u201cIntroducci\u00f3n a la programaci\u00f3n\u201d, \u201cNegociaci\u00f3n y resoluci\u00f3n de conflictos\u201d, \u201cReparaci\u00f3n de PC\u201d, \u201cInform\u00e1tica aplicada al trabajo\u201d, \u201cAdministraci\u00f3n de personal\u201d, \u201cAsistente jur\u00eddico\u201d y \u201cContabilidad b\u00e1sica\u201d.<\/p>\n<p>Hasta el jueves 23 de febrero, las personas interesadas se podr\u00e1n inscribir de forma online en el siguiente link. Para participar es requisito tener m\u00e1s de 16 a\u00f1os, contar con DNI, Pasaporte o Certificado de Residencia Precaria. Para cursar no es necesario tener conocimientos previos. La capacitaci\u00f3n, que se dictar\u00e1 de forma presencial en las aulas del SEA en la sede de Uriburu 650, cuenta con cupos limitados. Para consultas o solicitar m\u00e1s informaci\u00f3n, se puede escribir a cnf.amia@bue.edu.ar o v\u00eda Facebook<\/p>\n","protected":false},"excerpt":{"rendered":"<p>Se encuentra abierta la inscripci\u00f3n para los cursos gratuitos de formaci\u00f3n laboral que ofrece el Servicio de Empleo AMIA (SEA) junto con la Coordinaci\u00f3n de Educaci\u00f3n No Formal del Ministerio de Educaci\u00f3n de la ciudad de Buenos Aires. En el primer cuatrimestre, que comienza el lunes 13 de marzo, se dictar\u00e1n 16 cursos, abiertos a [&hellip;]<\/p>\n","protected":false},"author":2,"featured_media":42296,"comment_status":"open","ping_status":"open","sticky":false,"template":"","format":"standard","meta":{"_et_pb_use_builder":"","_et_pb_old_content":"","_et_gb_content_width":"","footnotes":""},"categories":[11,33],"tags":[],"class_list":["post-42295","post","type-post","status-publish","format-standard","has-post-thumbnail","hentry","category-ciudad","category-sociedad-y-cultura-2"],"_links":{"self":[{"href":"https:\/\/vocesdebaires.com.ar\/index.php\/wp-json\/wp\/v2\/posts\/42295"}],"collection":[{"href":"https:\/\/vocesdebaires.com.ar\/index.php\/wp-json\/wp\/v2\/posts"}],"about":[{"href":"https:\/\/vocesdebaires.com.ar\/index.php\/wp-json\/wp\/v2\/types\/post"}],"author":[{"embeddable":true,"href":"https:\/\/vocesdebaires.com.ar\/index.php\/wp-json\/wp\/v2\/users\/2"}],"replies":[{"embeddable":true,"href":"https:\/\/vocesdebaires.com.ar\/index.php\/wp-json\/wp\/v2\/comments?post=42295"}],"version-history":[{"count":1,"href":"https:\/\/vocesdebaires.com.ar\/index.php\/wp-json\/wp\/v2\/posts\/42295\/revisions"}],"predecessor-version":[{"id":42297,"href":"https:\/\/vocesdebaires.com.ar\/index.php\/wp-json\/wp\/v2\/posts\/42295\/revisions\/42297"}],"wp:featuredmedia":[{"embeddable":true,"href":"https:\/\/vocesdebaires.com.ar\/index.php\/wp-json\/wp\/v2\/media\/42296"}],"wp:attachment":[{"href":"https:\/\/vocesdebaires.com.ar\/index.php\/wp-json\/wp\/v2\/media?parent=42295"}],"wp:term":[{"taxonomy":"category","embeddable":true,"href":"https:\/\/vocesdebaires.com.ar\/index.php\/wp-json\/wp\/v2\/categories?post=42295"},{"taxonomy":"post_tag","embeddable":true,"href":"https:\/\/vocesdebaires.com.ar\/index.php\/wp-json\/wp\/v2\/tags?post=42295"}],"curies":[{"name":"wp","href":"https:\/\/api.w.org\/{rel}","templated":true}]}}