{"id":423,"date":"2021-01-13T03:00:00","date_gmt":"2021-01-13T06:00:00","guid":{"rendered":"http:\/\/vocesdebaires.com.ar\/wordpress\/index.php\/2021\/01\/13\/ciudad-disfrutemos-el-verano-en-los-museos-ba\/"},"modified":"2021-01-13T03:00:00","modified_gmt":"2021-01-13T06:00:00","slug":"ciudad-disfrutemos-el-verano-en-los-museos-ba","status":"publish","type":"post","link":"https:\/\/vocesdebaires.com.ar\/index.php\/2021\/01\/13\/ciudad-disfrutemos-el-verano-en-los-museos-ba\/","title":{"rendered":"Ciudad: Disfrutemos el verano en los Museos BA"},"content":{"rendered":"<p>Los jardines de los museos se convierten en espacios de participaci\u00f3n en este verano, con actividades para toda la familia y al aire libre, pero siempre cumpliendo con los protocolos de seguridad ante el Covid 19.<\/p>\n<p><strong>Te comentamos cu\u00e1les son los ciclos:<\/strong><br \/>Minimuseos. Las ma\u00f1anas de verano est\u00e1n pensadas para que los m\u00e1s chicos exploren su curiosidad, sorpresa, sensorialidad y el juego, junto a su familia y al aire libre, con actividades especialmente dise\u00f1adas para ellos. Museos anfitriones. Como actores importantes en la reactivaci\u00f3n de la industria cultural, los Museos BA volver\u00e1n a ceder sus espacios para que los profesores puedan dar sus Entrenamientos Culturales en un espacio p\u00fablico seguro (letras, teatro, danza y clases te\u00f3ricas de artes visuales).<\/p>\n<p>Adem\u00e1s, ceder\u00e1n sus jardines para la programaci\u00f3n del Teatro Col\u00f3n, del Centro Cultural Recoleta, propuestas culturales independientes y privadas. Una noche en el museo. El verano tiene noches m\u00e1gicas que se disfrutan en los jardines de cuatro museos de la ciudad, con todas las actividades participativas de este ciclo. Sesiones desde el jard\u00edn. Durante m\u00e1s de un mes, shows de artistas de diferentes g\u00e9neros musicales para disfrutar a cielo abierto en los jardines: jazz, m\u00fasica latinoamericana, folclore y m\u00e1s.<\/p>\n<p>El Festival Internacional de Buenos Aires (FIBA) arm\u00f3 una cartelera teatral especialmente pensada para estos espacios al aire libre. Adem\u00e1s lonas, reposeras, sillas y almohadones para disfrutar de cine gratuito en el parque del Museo Saavedra. Una Noche Diversa re\u00fane los contenidos, obras y performances producidos por artistas del colectivo LGBTIQ+, ganadores de la Convocatoria Ciudad Diversa. Para m\u00e1s informaci\u00f3n entra a la pagina del GCBA <a><\/a><\/p>\n","protected":false},"excerpt":{"rendered":"<p>Los jardines de los museos se convierten en espacios de participaci\u00f3n en este verano, con actividades para toda la familia y al aire libre, pero siempre cumpliendo con los protocolos de seguridad ante el Covid 19. Te comentamos cu\u00e1les son los ciclos:Minimuseos. Las ma\u00f1anas de verano est\u00e1n pensadas para que los m\u00e1s chicos exploren su [&hellip;]<\/p>\n","protected":false},"author":1,"featured_media":424,"comment_status":"open","ping_status":"open","sticky":false,"template":"","format":"standard","meta":{"_et_pb_use_builder":"","_et_pb_old_content":"","_et_gb_content_width":"","footnotes":""},"categories":[11,32],"tags":[],"class_list":["post-423","post","type-post","status-publish","format-standard","has-post-thumbnail","hentry","category-ciudad","category-comunas"],"_links":{"self":[{"href":"https:\/\/vocesdebaires.com.ar\/index.php\/wp-json\/wp\/v2\/posts\/423"}],"collection":[{"href":"https:\/\/vocesdebaires.com.ar\/index.php\/wp-json\/wp\/v2\/posts"}],"about":[{"href":"https:\/\/vocesdebaires.com.ar\/index.php\/wp-json\/wp\/v2\/types\/post"}],"author":[{"embeddable":true,"href":"https:\/\/vocesdebaires.com.ar\/index.php\/wp-json\/wp\/v2\/users\/1"}],"replies":[{"embeddable":true,"href":"https:\/\/vocesdebaires.com.ar\/index.php\/wp-json\/wp\/v2\/comments?post=423"}],"version-history":[{"count":0,"href":"https:\/\/vocesdebaires.com.ar\/index.php\/wp-json\/wp\/v2\/posts\/423\/revisions"}],"wp:featuredmedia":[{"embeddable":true,"href":"https:\/\/vocesdebaires.com.ar\/index.php\/wp-json\/wp\/v2\/media\/424"}],"wp:attachment":[{"href":"https:\/\/vocesdebaires.com.ar\/index.php\/wp-json\/wp\/v2\/media?parent=423"}],"wp:term":[{"taxonomy":"category","embeddable":true,"href":"https:\/\/vocesdebaires.com.ar\/index.php\/wp-json\/wp\/v2\/categories?post=423"},{"taxonomy":"post_tag","embeddable":true,"href":"https:\/\/vocesdebaires.com.ar\/index.php\/wp-json\/wp\/v2\/tags?post=423"}],"curies":[{"name":"wp","href":"https:\/\/api.w.org\/{rel}","templated":true}]}}