{"id":4232,"date":"2019-12-13T13:35:56","date_gmt":"2019-12-13T16:35:56","guid":{"rendered":"http:\/\/vocesdebaires.com.ar\/wordpress\/index.php\/2019\/12\/13\/kicillof-juro-el-gabinete-pcia-de-bs-as\/"},"modified":"2019-12-13T13:35:56","modified_gmt":"2019-12-13T16:35:56","slug":"kicillof-juro-el-gabinete-pcia-de-bs-as","status":"publish","type":"post","link":"https:\/\/vocesdebaires.com.ar\/index.php\/2019\/12\/13\/kicillof-juro-el-gabinete-pcia-de-bs-as\/","title":{"rendered":"Kicillof: Juro el gabinete Pcia de Bs As"},"content":{"rendered":"<p>Ayer por la tarde, en el Teatro Municipal Coliseo Podest\u00e1, el Gobernador de la Provincia de Buenos Aires, Axel Kicillof, y la Vicegobernadora, Ver\u00f3nica Magario, tomaron juramento al gabinete entrante. Adem\u00e1s, el Gobernador anunci\u00f3 la creaci\u00f3n de un consejo que nuclear\u00e1 a todas las universidades del territorio de la Provincia. En ese contexto, Kicillof expres\u00f3 que \u201ceste va a ser un gobierno de proximidad, de cercan\u00eda, presente, disponible y eso es lo que le pido a cada uno de los miembros del gabinete\u201d, y agreg\u00f3: \u201cLes voy a pedir que seamos un gobierno pr\u00f3ximo, solidario pero sobre todo militante.<\/p>\n<p>La militancia ha sido denostada y bastardeada, pero no hablo de militancia partidaria sino de la profunda convicci\u00f3n, compromiso y entrega que implica una funci\u00f3n de gobierno\u201d.Por otro lado, el Gobernador declar\u00f3: \u201cHemos decidido crear un consejo que nuclee a todas las universidades del territorio de la Provincia de Buenos Aires, nacionales y provinciales\u201d, y se\u00f1al\u00f3 que \u201cel gobierno provincial necesita valerse de la investigaci\u00f3n, la ciencia y el trabajo, para aportar a una pol\u00edtica que va a ser primero de emergencia, y despu\u00e9s de crecimiento, desarrollo e inclusi\u00f3n social\u201d. Finalmente indic\u00f3: \u201cHe decidido designar en la coordinaci\u00f3n de este consejo a la Diputada Florencia Saintout\u201d, y concluy\u00f3: \u201cla universidad no solo ha sido prestigiosa por su autonom\u00eda y capacidad sino que se ha convertido en un instrumento de inclusi\u00f3n social a trav\u00e9s de la gratuidad\u201d.<\/p>\n","protected":false},"excerpt":{"rendered":"<p>Ayer por la tarde, en el Teatro Municipal Coliseo Podest\u00e1, el Gobernador de la Provincia de Buenos Aires, Axel Kicillof, y la Vicegobernadora, Ver\u00f3nica Magario, tomaron juramento al gabinete entrante. Adem\u00e1s, el Gobernador anunci\u00f3 la creaci\u00f3n de un consejo que nuclear\u00e1 a todas las universidades del territorio de la Provincia. En ese contexto, Kicillof expres\u00f3 [&hellip;]<\/p>\n","protected":false},"author":1,"featured_media":4233,"comment_status":"open","ping_status":"open","sticky":false,"template":"","format":"standard","meta":{"_et_pb_use_builder":"","_et_pb_old_content":"","_et_gb_content_width":"","footnotes":""},"categories":[34,13],"tags":[],"class_list":["post-4232","post","type-post","status-publish","format-standard","has-post-thumbnail","hentry","category-politica","category-provincia"],"_links":{"self":[{"href":"https:\/\/vocesdebaires.com.ar\/index.php\/wp-json\/wp\/v2\/posts\/4232"}],"collection":[{"href":"https:\/\/vocesdebaires.com.ar\/index.php\/wp-json\/wp\/v2\/posts"}],"about":[{"href":"https:\/\/vocesdebaires.com.ar\/index.php\/wp-json\/wp\/v2\/types\/post"}],"author":[{"embeddable":true,"href":"https:\/\/vocesdebaires.com.ar\/index.php\/wp-json\/wp\/v2\/users\/1"}],"replies":[{"embeddable":true,"href":"https:\/\/vocesdebaires.com.ar\/index.php\/wp-json\/wp\/v2\/comments?post=4232"}],"version-history":[{"count":0,"href":"https:\/\/vocesdebaires.com.ar\/index.php\/wp-json\/wp\/v2\/posts\/4232\/revisions"}],"wp:featuredmedia":[{"embeddable":true,"href":"https:\/\/vocesdebaires.com.ar\/index.php\/wp-json\/wp\/v2\/media\/4233"}],"wp:attachment":[{"href":"https:\/\/vocesdebaires.com.ar\/index.php\/wp-json\/wp\/v2\/media?parent=4232"}],"wp:term":[{"taxonomy":"category","embeddable":true,"href":"https:\/\/vocesdebaires.com.ar\/index.php\/wp-json\/wp\/v2\/categories?post=4232"},{"taxonomy":"post_tag","embeddable":true,"href":"https:\/\/vocesdebaires.com.ar\/index.php\/wp-json\/wp\/v2\/tags?post=4232"}],"curies":[{"name":"wp","href":"https:\/\/api.w.org\/{rel}","templated":true}]}}