{"id":42328,"date":"2023-01-26T01:02:44","date_gmt":"2023-01-26T04:02:44","guid":{"rendered":"https:\/\/vocesdebaires.com.ar\/?p=42328"},"modified":"2023-01-26T01:02:44","modified_gmt":"2023-01-26T04:02:44","slug":"amiajovenes-viajaron-a-israel-para-conocer-proyectos-de-impacto-social","status":"publish","type":"post","link":"https:\/\/vocesdebaires.com.ar\/index.php\/2023\/01\/26\/amiajovenes-viajaron-a-israel-para-conocer-proyectos-de-impacto-social\/","title":{"rendered":"AMIA:J\u00f3venes viajaron a Israel para conocer proyectos de impacto social"},"content":{"rendered":"<p>Una delegaci\u00f3n integrada por j\u00f3venes de 22 a 35 a\u00f1os, que est\u00e1n participando del programa \u201cImpact Nation\u201d, se encuentra en Israel para conocer distintos proyectos israel\u00edes de impacto social.El programa, que durante 4 meses incluy\u00f3 diversas capacitaciones sobre emprendedurismo social, liderazgo y desarrollo de proyectos, y que tambi\u00e9n cont\u00f3 con un seminario en C\u00f3rdoba, naci\u00f3 gracias a la alianza entre AMIA Joven, el Vaad Hakehilot de AMIA (programa \u201cYesh+\u201d), el Departamento de actividades sionistas para la di\u00e1spora de la Organizaci\u00f3n Sionista Mundial (OSM), la Organizaci\u00f3n Sionista Argentina (OSA), el Keren Kayemet y ANU (Museo de la Di\u00e1spora en Israel).<\/p>\n<p>Durante la estad\u00eda, adem\u00e1s de visitar los principales atractivos tur\u00edsticos del pa\u00eds, los participantes se est\u00e1n interiorizando en las distintas iniciativas que fueron creadas en Israel para cuidar el medio ambiente y mejorar la calidad de vida de las personas. Adem\u00e1s, la delegaci\u00f3n est\u00e1 participando de diversos encuentros en los que tienen la oportunidad de conversar con expertos y referentes del emprendurismo. \u201cEn su viaje a Israel, los j\u00f3venes participar\u00e1n de un seminario de capacitaci\u00f3n, inspiraci\u00f3n y conexi\u00f3n con el pa\u00eds, en el cual recibir\u00e1n herramientas para poder desarrollar sus proyectos y, adem\u00e1s, los podr\u00e1n presentar frente a diversos referentes de las instituciones organizadoras\u201d, expresaron desde el programa.<\/p>\n<p>A pocos d\u00edas de viajar, el participante Hern\u00e1n Butler de Agudath Israel de Concordia, Entre R\u00edos, expres\u00f3 su emoci\u00f3n por el viaje, a trav\u00e9s de un video que se public\u00f3 en las redes sociales de los organizadores. \u201cEs la primera vez que viajo a Israel, gracias por la oportunidad. Espero poder aportar mi granito de arena a la comunidad jud\u00eda de mi ciudad\u201d, destac\u00f3. Por su parte, Ezequiel Mizdraje, del Centro Uni\u00f3n Israelita de C\u00f3rdoba, coment\u00f3 que ans\u00eda poder generar un impacto positivo en su comunidad. \u201cEspero que funcionen y que podamos implementar los proyectos que dise\u00f1amos para nuestras comunidades\u201d, agreg\u00f3.<\/p>\n<p>A su turno, Florencia Treguer, referente de Darkei Noam, dijo que est\u00e1 muy emocionada y expectante de conocer Israel con otros ojos. \u201cEstoy esperando que llegue el momento. Ser\u00e1 un espacio en el que voy a crecer de forma personal y profesionalmente\u201d, sostuvo. Tambi\u00e9n comparti\u00f3 su mensaje, Demi\u00e1n Aisicovich de la kehil\u00e1 de San Salvador, Entre R\u00edos. \u201cEstoy muy emocionado porque en unos d\u00edas vamos a viajar. Tengo muchas ganas de conocer a gente nueva y proyectos, que -espero- los podamos realizar en nuestra comunidad para poder mantenerla vida\u201d, expres\u00f3.<\/p>\n","protected":false},"excerpt":{"rendered":"<p>Una delegaci\u00f3n integrada por j\u00f3venes de 22 a 35 a\u00f1os, que est\u00e1n participando del programa \u201cImpact Nation\u201d, se encuentra en Israel para conocer distintos proyectos israel\u00edes de impacto social.El programa, que durante 4 meses incluy\u00f3 diversas capacitaciones sobre emprendedurismo social, liderazgo y desarrollo de proyectos, y que tambi\u00e9n cont\u00f3 con un seminario en C\u00f3rdoba, naci\u00f3 [&hellip;]<\/p>\n","protected":false},"author":2,"featured_media":42330,"comment_status":"open","ping_status":"open","sticky":false,"template":"","format":"standard","meta":{"_et_pb_use_builder":"","_et_pb_old_content":"","_et_gb_content_width":"","footnotes":""},"categories":[11,33],"tags":[],"class_list":["post-42328","post","type-post","status-publish","format-standard","has-post-thumbnail","hentry","category-ciudad","category-sociedad-y-cultura-2"],"_links":{"self":[{"href":"https:\/\/vocesdebaires.com.ar\/index.php\/wp-json\/wp\/v2\/posts\/42328"}],"collection":[{"href":"https:\/\/vocesdebaires.com.ar\/index.php\/wp-json\/wp\/v2\/posts"}],"about":[{"href":"https:\/\/vocesdebaires.com.ar\/index.php\/wp-json\/wp\/v2\/types\/post"}],"author":[{"embeddable":true,"href":"https:\/\/vocesdebaires.com.ar\/index.php\/wp-json\/wp\/v2\/users\/2"}],"replies":[{"embeddable":true,"href":"https:\/\/vocesdebaires.com.ar\/index.php\/wp-json\/wp\/v2\/comments?post=42328"}],"version-history":[{"count":1,"href":"https:\/\/vocesdebaires.com.ar\/index.php\/wp-json\/wp\/v2\/posts\/42328\/revisions"}],"predecessor-version":[{"id":42331,"href":"https:\/\/vocesdebaires.com.ar\/index.php\/wp-json\/wp\/v2\/posts\/42328\/revisions\/42331"}],"wp:featuredmedia":[{"embeddable":true,"href":"https:\/\/vocesdebaires.com.ar\/index.php\/wp-json\/wp\/v2\/media\/42330"}],"wp:attachment":[{"href":"https:\/\/vocesdebaires.com.ar\/index.php\/wp-json\/wp\/v2\/media?parent=42328"}],"wp:term":[{"taxonomy":"category","embeddable":true,"href":"https:\/\/vocesdebaires.com.ar\/index.php\/wp-json\/wp\/v2\/categories?post=42328"},{"taxonomy":"post_tag","embeddable":true,"href":"https:\/\/vocesdebaires.com.ar\/index.php\/wp-json\/wp\/v2\/tags?post=42328"}],"curies":[{"name":"wp","href":"https:\/\/api.w.org\/{rel}","templated":true}]}}