{"id":42341,"date":"2023-01-27T15:45:10","date_gmt":"2023-01-27T18:45:10","guid":{"rendered":"https:\/\/vocesdebaires.com.ar\/?p=42341"},"modified":"2023-01-27T15:45:10","modified_gmt":"2023-01-27T18:45:10","slug":"tapalque-celebra-la-fiesta-de-las-colectividadeseste-fin-de-semana","status":"publish","type":"post","link":"https:\/\/vocesdebaires.com.ar\/index.php\/2023\/01\/27\/tapalque-celebra-la-fiesta-de-las-colectividadeseste-fin-de-semana\/","title":{"rendered":"Tapalqu\u00e9 celebra la fiesta de las colectividades,este fin de semana"},"content":{"rendered":"<p>El domingo 29 de enero se llevar\u00e1 a cabo la Fiesta de las Colectividades en el Balneario Municipal con espect\u00e1culos de danzas y m\u00fasica en vivo. Como cada domingo de verano el Balneario ofrecer\u00e1 una nueva propuesta cultural con entrada libre y gratuita. Este espacio destinado a la recreaci\u00f3n est\u00e1 enmarcado en un agradable entorno natural donde se puede disfrutar de un parque arbolado con parrillas y hornos, canchas de v\u00f3ley y b\u00e1squet, natatorio, camping y muchas actividades recreativas para toda la familia.<\/p>\n<p>Tambi\u00e9n hay variedad de propuestas gastron\u00f3micas, paseo de artesanos y emprendedores y visitas guiadas al Complejo Termal en un mini colectivo el\u00e9ctrico. Este domingo se celebrar\u00e1n las tradiciones y el legado que cada colectivo de inmigrantes aport\u00f3 a dicha comunidad. A partir de las 18 se presentar\u00e1n en el escenario shows de Danzas \u00c1rabes (Iris Marano), Danzas Espa\u00f1olas (Prof. Florencia Silva), Danzas Brasileras (Escuela de samba Gres Salguero\u00b4s) y Danzas Nativas Argentinas-Tango (Prof. Gladys Capdevila). Los espect\u00e1culos de m\u00fasica en vivo estar\u00e1n a cargo de Crows, Juan Sebasti\u00e1n \u00c1valos, Coca &amp; Bica y Hern\u00e1n Caraballo.<\/p>\n","protected":false},"excerpt":{"rendered":"<p>El domingo 29 de enero se llevar\u00e1 a cabo la Fiesta de las Colectividades en el Balneario Municipal con espect\u00e1culos de danzas y m\u00fasica en vivo. Como cada domingo de verano el Balneario ofrecer\u00e1 una nueva propuesta cultural con entrada libre y gratuita. Este espacio destinado a la recreaci\u00f3n est\u00e1 enmarcado en un agradable entorno [&hellip;]<\/p>\n","protected":false},"author":2,"featured_media":42342,"comment_status":"open","ping_status":"open","sticky":false,"template":"","format":"standard","meta":{"_et_pb_use_builder":"","_et_pb_old_content":"","_et_gb_content_width":"","footnotes":""},"categories":[13],"tags":[],"class_list":["post-42341","post","type-post","status-publish","format-standard","has-post-thumbnail","hentry","category-provincia"],"_links":{"self":[{"href":"https:\/\/vocesdebaires.com.ar\/index.php\/wp-json\/wp\/v2\/posts\/42341"}],"collection":[{"href":"https:\/\/vocesdebaires.com.ar\/index.php\/wp-json\/wp\/v2\/posts"}],"about":[{"href":"https:\/\/vocesdebaires.com.ar\/index.php\/wp-json\/wp\/v2\/types\/post"}],"author":[{"embeddable":true,"href":"https:\/\/vocesdebaires.com.ar\/index.php\/wp-json\/wp\/v2\/users\/2"}],"replies":[{"embeddable":true,"href":"https:\/\/vocesdebaires.com.ar\/index.php\/wp-json\/wp\/v2\/comments?post=42341"}],"version-history":[{"count":1,"href":"https:\/\/vocesdebaires.com.ar\/index.php\/wp-json\/wp\/v2\/posts\/42341\/revisions"}],"predecessor-version":[{"id":42343,"href":"https:\/\/vocesdebaires.com.ar\/index.php\/wp-json\/wp\/v2\/posts\/42341\/revisions\/42343"}],"wp:featuredmedia":[{"embeddable":true,"href":"https:\/\/vocesdebaires.com.ar\/index.php\/wp-json\/wp\/v2\/media\/42342"}],"wp:attachment":[{"href":"https:\/\/vocesdebaires.com.ar\/index.php\/wp-json\/wp\/v2\/media?parent=42341"}],"wp:term":[{"taxonomy":"category","embeddable":true,"href":"https:\/\/vocesdebaires.com.ar\/index.php\/wp-json\/wp\/v2\/categories?post=42341"},{"taxonomy":"post_tag","embeddable":true,"href":"https:\/\/vocesdebaires.com.ar\/index.php\/wp-json\/wp\/v2\/tags?post=42341"}],"curies":[{"name":"wp","href":"https:\/\/api.w.org\/{rel}","templated":true}]}}