{"id":42360,"date":"2023-01-30T00:00:40","date_gmt":"2023-01-30T03:00:40","guid":{"rendered":"https:\/\/vocesdebaires.com.ar\/?p=42360"},"modified":"2023-01-29T18:12:37","modified_gmt":"2023-01-29T21:12:37","slug":"ciudadse-encuentra-un-puesto-de-atencion-de-la-anses-en-la-defensoria","status":"publish","type":"post","link":"https:\/\/vocesdebaires.com.ar\/index.php\/2023\/01\/30\/ciudadse-encuentra-un-puesto-de-atencion-de-la-anses-en-la-defensoria\/","title":{"rendered":"Ciudad:Se encuentra un puesto de atenci\u00f3n de la ANSES en la Defensor\u00eda"},"content":{"rendered":"<p>Las autoridades de ambas instituciones manifestaron que llevar a cabo esta pr\u00e1ctica colabora de manera directa en la reconstrucci\u00f3n del tejido social y la ayuda del Estado para mejorar la calidad de vida de los ciudadanos.\u00a0 En ese sentido, se propone profundizar la asistencia a trav\u00e9s de este punto fijo de atenci\u00f3n permanente y coordinar la realizaci\u00f3n de acciones conjuntas, compartir experiencias y brindar soluciones a trav\u00e9s del dise\u00f1o de estrategias de integraci\u00f3n urbana y social, con la participaci\u00f3n central de la ciudadan\u00eda y la construcci\u00f3n de una sociedad m\u00e1s inclusiva. La vigencia del convenio es de dos a\u00f1os y se renovar\u00e1 en forma autom\u00e1tica por igual per\u00edodo, a no ser que alguna de las partes decida rescindirlo.<\/p>\n<p>Por parte de la ANSES, adem\u00e1s de Febe Rodr\u00edguez, participaron del encuentro Sof\u00eda Gonz\u00e1lez, directora general de Prestaciones Descentralizadas, y Rub\u00e9n Caram, gerente de la Unidad de Atenci\u00f3n Integral (UDAI) de Monserrat. En representaci\u00f3n de la Defensor\u00eda tambi\u00e9n asistieron Marina Rosas, directora de Atenci\u00f3n Vecinal; Delfina Vel\u00e1zquez, directora de Descentralizaci\u00f3n; y Andr\u00e9s Elisseche, titular del Consejo Asesor. Luego de la firma, la Defensora del Pueblo se\u00f1al\u00f3: \u201cHoy formalizamos con la ANSES un convenio que en realidad venimos ejecutando desde principios de a\u00f1o y que para nosotros, contar con un puesto de atenci\u00f3n en la planta baja de la sede central del organismo, ha sido indispensable\u201d.<\/p>\n<p>Mui\u00f1os puntualiz\u00f3 que \u201csiempre fue nuestra idea poder resolver dentro de la casa, ac\u00e1 donde se atienden a vecinos y vecinas, este tipo de tr\u00e1mites de manera concentrada y sin necesidad de que se tengan que trasladar a las oficinas de la ANSES. De esta manera, se les facilita que puedan resolver sus problemas en un mismo espacio\u201d. Por \u00faltimo, agreg\u00f3: \u201cEn la Defensor\u00eda van a encontrar escucha, buena recepci\u00f3n y voluntad de resoluci\u00f3n y para ello es imprescindible la colaboraci\u00f3n de la ANSES\u201d.<\/p>\n","protected":false},"excerpt":{"rendered":"<p>Las autoridades de ambas instituciones manifestaron que llevar a cabo esta pr\u00e1ctica colabora de manera directa en la reconstrucci\u00f3n del tejido social y la ayuda del Estado para mejorar la calidad de vida de los ciudadanos.\u00a0 En ese sentido, se propone profundizar la asistencia a trav\u00e9s de este punto fijo de atenci\u00f3n permanente y coordinar [&hellip;]<\/p>\n","protected":false},"author":3,"featured_media":42361,"comment_status":"open","ping_status":"open","sticky":false,"template":"","format":"standard","meta":{"_et_pb_use_builder":"","_et_pb_old_content":"","_et_gb_content_width":"","footnotes":""},"categories":[11,33],"tags":[],"class_list":["post-42360","post","type-post","status-publish","format-standard","has-post-thumbnail","hentry","category-ciudad","category-sociedad-y-cultura-2"],"_links":{"self":[{"href":"https:\/\/vocesdebaires.com.ar\/index.php\/wp-json\/wp\/v2\/posts\/42360"}],"collection":[{"href":"https:\/\/vocesdebaires.com.ar\/index.php\/wp-json\/wp\/v2\/posts"}],"about":[{"href":"https:\/\/vocesdebaires.com.ar\/index.php\/wp-json\/wp\/v2\/types\/post"}],"author":[{"embeddable":true,"href":"https:\/\/vocesdebaires.com.ar\/index.php\/wp-json\/wp\/v2\/users\/3"}],"replies":[{"embeddable":true,"href":"https:\/\/vocesdebaires.com.ar\/index.php\/wp-json\/wp\/v2\/comments?post=42360"}],"version-history":[{"count":1,"href":"https:\/\/vocesdebaires.com.ar\/index.php\/wp-json\/wp\/v2\/posts\/42360\/revisions"}],"predecessor-version":[{"id":42362,"href":"https:\/\/vocesdebaires.com.ar\/index.php\/wp-json\/wp\/v2\/posts\/42360\/revisions\/42362"}],"wp:featuredmedia":[{"embeddable":true,"href":"https:\/\/vocesdebaires.com.ar\/index.php\/wp-json\/wp\/v2\/media\/42361"}],"wp:attachment":[{"href":"https:\/\/vocesdebaires.com.ar\/index.php\/wp-json\/wp\/v2\/media?parent=42360"}],"wp:term":[{"taxonomy":"category","embeddable":true,"href":"https:\/\/vocesdebaires.com.ar\/index.php\/wp-json\/wp\/v2\/categories?post=42360"},{"taxonomy":"post_tag","embeddable":true,"href":"https:\/\/vocesdebaires.com.ar\/index.php\/wp-json\/wp\/v2\/tags?post=42360"}],"curies":[{"name":"wp","href":"https:\/\/api.w.org\/{rel}","templated":true}]}}