{"id":42379,"date":"2023-01-31T00:44:38","date_gmt":"2023-01-31T03:44:38","guid":{"rendered":"https:\/\/vocesdebaires.com.ar\/?p=42379"},"modified":"2023-01-31T00:45:49","modified_gmt":"2023-01-31T03:45:49","slug":"ciudadentrega-de-diplomas-a-la-colacion-de-grado-del-instituto-universitario","status":"publish","type":"post","link":"https:\/\/vocesdebaires.com.ar\/index.php\/2023\/01\/31\/ciudadentrega-de-diplomas-a-la-colacion-de-grado-del-instituto-universitario\/","title":{"rendered":"Ciudad:Entrega de diplomas a la colaci\u00f3n de grado del Instituto U"},"content":{"rendered":"<p>El jefe de Gabinete de la Ciudad, Felipe Miguel, y el ministro de Justicia y Seguridad, Marcelo D\u2019Alessandro, encabezaron el Acto de la Primera Colaci\u00f3n de Grado del Instituto Universitario de Seguridad (IUSE), del que egresaron 281 licenciados. De la ceremonia, que se desarroll\u00f3 en la Usina del Arte, tambi\u00e9n particip\u00f3 el rector del IUSE, Gabriel Unrein.<\/p>\n<p>De los egresados, 152 lo hicieron como licenciados en Seguridad P\u00fablica, 127 como licenciados en Criminal\u00edstica y dos como Licenciados en Seguridad Ambiental.<br \/>\n\u201cEntendemos que vivimos en el mundo del conocimiento, es un mundo donde cada vez m\u00e1s la diferencia la hace el talento y la capacitaci\u00f3n. Y en ese contexto, este instituto es una muestra m\u00e1s del compromiso con el desarrollo de su ciudadan\u00eda en Buenos Aires\u201d, resalt\u00f3 Felipe Miguel.<\/p>\n<p>Por su parte, D\u2019Alessandro coment\u00f3: \u201cHoy no s\u00f3lo estamos entregando 281 diplomas, estamos cristalizando una idea, la de crear la primera universidad p\u00fablica de la Ciudad de Buenos Aires con la finalidad de dar las herramientas y abordaje a la Seguridad de una manera integral. Y una de las principales herramientas es la formaci\u00f3n\u201d. \u201cSomos la Capital del pa\u00eds y tenemos que estar a la altura de lo que eso significa. Los insto a que sigan capacit\u00e1ndose, hoy est\u00e1n haciendo historia\u201d, le dedic\u00f3 el ministro a modo de mensaje a los egresados.<\/p>\n<p>Adem\u00e1s, el rector Unrein dijo: \u201cAgradezco al ministro porque siempre est\u00e1 convencido de que la Seguridad en la Ciudad se construye con una mayor capacitaci\u00f3n. Se compromete con nuestro trabajo y tambi\u00e9n colabora con todo su equipo. Est\u00e1n marcando una huella para los que vienen atr\u00e1s\u201d. Durante la ceremonia, las autoridades tomaron juramento a los egresados, a quienes se les entregaron sus respectivos diplomas. El IUSE tiene como finalidad principal brindar a los egresados los conocimientos, t\u00e9cnicas, habilidades y aptitudes propios del campo de la seguridad.<\/p>\n","protected":false},"excerpt":{"rendered":"<p>El jefe de Gabinete de la Ciudad, Felipe Miguel, y el ministro de Justicia y Seguridad, Marcelo D\u2019Alessandro, encabezaron el Acto de la Primera Colaci\u00f3n de Grado del Instituto Universitario de Seguridad (IUSE), del que egresaron 281 licenciados. De la ceremonia, que se desarroll\u00f3 en la Usina del Arte, tambi\u00e9n particip\u00f3 el rector del IUSE, [&hellip;]<\/p>\n","protected":false},"author":3,"featured_media":42380,"comment_status":"open","ping_status":"open","sticky":false,"template":"","format":"standard","meta":{"_et_pb_use_builder":"","_et_pb_old_content":"","_et_gb_content_width":"","footnotes":""},"categories":[11,33],"tags":[],"class_list":["post-42379","post","type-post","status-publish","format-standard","has-post-thumbnail","hentry","category-ciudad","category-sociedad-y-cultura-2"],"_links":{"self":[{"href":"https:\/\/vocesdebaires.com.ar\/index.php\/wp-json\/wp\/v2\/posts\/42379"}],"collection":[{"href":"https:\/\/vocesdebaires.com.ar\/index.php\/wp-json\/wp\/v2\/posts"}],"about":[{"href":"https:\/\/vocesdebaires.com.ar\/index.php\/wp-json\/wp\/v2\/types\/post"}],"author":[{"embeddable":true,"href":"https:\/\/vocesdebaires.com.ar\/index.php\/wp-json\/wp\/v2\/users\/3"}],"replies":[{"embeddable":true,"href":"https:\/\/vocesdebaires.com.ar\/index.php\/wp-json\/wp\/v2\/comments?post=42379"}],"version-history":[{"count":2,"href":"https:\/\/vocesdebaires.com.ar\/index.php\/wp-json\/wp\/v2\/posts\/42379\/revisions"}],"predecessor-version":[{"id":42382,"href":"https:\/\/vocesdebaires.com.ar\/index.php\/wp-json\/wp\/v2\/posts\/42379\/revisions\/42382"}],"wp:featuredmedia":[{"embeddable":true,"href":"https:\/\/vocesdebaires.com.ar\/index.php\/wp-json\/wp\/v2\/media\/42380"}],"wp:attachment":[{"href":"https:\/\/vocesdebaires.com.ar\/index.php\/wp-json\/wp\/v2\/media?parent=42379"}],"wp:term":[{"taxonomy":"category","embeddable":true,"href":"https:\/\/vocesdebaires.com.ar\/index.php\/wp-json\/wp\/v2\/categories?post=42379"},{"taxonomy":"post_tag","embeddable":true,"href":"https:\/\/vocesdebaires.com.ar\/index.php\/wp-json\/wp\/v2\/tags?post=42379"}],"curies":[{"name":"wp","href":"https:\/\/api.w.org\/{rel}","templated":true}]}}