{"id":42396,"date":"2023-01-31T01:41:23","date_gmt":"2023-01-31T04:41:23","guid":{"rendered":"https:\/\/vocesdebaires.com.ar\/?p=42396"},"modified":"2023-01-31T01:41:23","modified_gmt":"2023-01-31T04:41:23","slug":"como-es-el-plan-de-desarrollo-economico-y-productivo-en-caba","status":"publish","type":"post","link":"https:\/\/vocesdebaires.com.ar\/index.php\/2023\/01\/31\/como-es-el-plan-de-desarrollo-economico-y-productivo-en-caba\/","title":{"rendered":"C\u00f3mo es el plan de desarrollo econ\u00f3mico y productivo en CABA"},"content":{"rendered":"<p>El Ministerio de Desarrollo Econ\u00f3mico y Producci\u00f3n porte\u00f1o desde hace tiempo que viene llevando a cabo un plan de desarrollo econ\u00f3mico que genera inversiones, aumenta la producci\u00f3n y potencia la empleabilidad. Muy por el contrario de lo pretende instalar el gobierno nacional haciendo menci\u00f3n de que la Ciudad \u201cno produce ni un tornillo\u201d porque no tiene \u201cun modelo productivo\u201d.\u201cQueda claro que la Ciudad de Buenos Aires tiene un modelo econ\u00f3mico y productivo s\u00f3lido y potente que sigue creciendo e innovando y que aporta una riqueza enorme al pa\u00eds.<\/p>\n<p>El gobierno nacional deber\u00eda reordenar sus prioridades, dejar de lado las confrontaciones est\u00e9riles y orientar sus esfuerzos en definir, de una vez por todas, un rumbo y un plan econ\u00f3mico para lo que queda de su mandato\u201d, manifest\u00f3 Jos\u00e9 Luis Giusti ministro de Desarrollo Econ\u00f3mico y Producci\u00f3n de la Ciudad. Uno de los principales ejes del plan son los Distritos Econ\u00f3micos (DE): clusters productivos donde se brindan beneficios multisectoriales tanto para las empresas, por las exenciones impositivas y cr\u00e9ditos que reciben, como para los comerciantes, que ven potenciada la actividad en la zona. All\u00ed, m\u00e1s de 900 empresas se han radicado, generando m\u00e1s de 35 mil puestos de trabajo, una inversi\u00f3n superior a los USD 404 millones de d\u00f3lares y un desarrollo inmobiliario de 558.150 m\u00b2. Cabe destacar que, entre enero de 2021 y junio de 2022, se radicaron 113 nuevas empresas, generando m\u00e1s de 3.800 empleos privados e inversiones por m\u00e1s de USD 16 millones.<\/p>\n<p>Siguiendo la misma l\u00f3gica, tambi\u00e9n, se puso en marcha el Distrito del Vino (Villa Devoto, Villa del Parque y Paternal) y el Plan de Transformaci\u00f3n y Reconversi\u00f3n del Microcentro en 2021, y el Distrito Social (Barrios Populares) en 2022, que se sumaron a los DE ya existentes: Tecnol\u00f3gico (Parque Patricios), Audiovisual y de las artes (Palermo, Paternal, Colegiales, Chacarita, Villa Ort\u00fazar La Boca, San Telmo y Barracas) y del Dise\u00f1o (Barracas). Por un lado, el Distrito del Vino ser\u00e1 la puerta de entrada a la Ruta del Vino en Argentina.<\/p>\n<p>En la actualidad, se encuentran 8 proyectos presentados con una inversi\u00f3n superior a los 9 millones de d\u00f3lares y con un desarrollo inmobiliario de casi 3 mil metros cuadrados. En otro orden, el Distrito Social, que tiene por objetivo la promoci\u00f3n del desarrollo econ\u00f3mico en los barrios populares, ya contiene 44 proyectos con una inversi\u00f3n de USS 2.000.000. Por el otro, el Plan de Transformaci\u00f3n y Reconversi\u00f3n del Microcentro apunta a convertirlo en un \u00e1rea urbana inteligente, sostenible y residencial, con promoci\u00f3n de actividades econ\u00f3micas a trav\u00e9s de cr\u00e9ditos e incentivos fiscales y la puesta en valor de espacios p\u00fablicos. Al d\u00eda de la fecha, existen 17 proyectos de reconversi\u00f3n presentados con un desarrollo inmobiliario de 173 mil metros cuadrados y una inversi\u00f3n de USS 251.000.000.<\/p>\n<p>\u201cCada una de estas medidas signific\u00f3 m\u00e1s trabajo, m\u00e1s movimiento y m\u00e1s actividad para estas zonas, adem\u00e1s de integrarlas mucho m\u00e1s a la Ciudad. Adem\u00e1s, no es casualidad que se hayan desarrollado mirando al Sur, una zona que hist\u00f3ricamente ha sido rezagada en cuanto a lo econ\u00f3mico, productivo y social\u201d, afirm\u00f3 Jos\u00e9 Luis Giusti ministro de Desarrollo Econ\u00f3mico y Producci\u00f3n de la Ciudad. Adem\u00e1s, desde el Gobierno de la Ciudad de Buenos Aires se trabaj\u00f3 en desarrollar una estrategia para abordar el empleo y la empleabilidad de los vecinos y las vecinas en torno al Ciclo de la Empleabilidad, una iniciativa coordinada por el Ministerio de Desarrollo Econ\u00f3mico y Producci\u00f3n; el Ministerio de Educaci\u00f3n, y el Ministerio de Desarrollo Humano y H\u00e1bitat, entre otras \u00e1reas.<\/p>\n<p>Con dicha iniciativa, en una primera instancia, se fortalecen las competencias, habilidades y destrezas de las personas que buscan trabajo. Luego, se les ofrece una serie de pr\u00e1cticas para que puedan aplicar los conocimientos adquiridos y dar sus primeros pasos laborales. Finalmente, se vinculan los perfiles con las demandas del mercado, mejorando la inserci\u00f3n, o reinserci\u00f3n, al mundo laboral. A partir del Ciclo de la Empleabilidad, se generaron m\u00e1s de 2700 pr\u00e1cticas laborales y se impuls\u00f3 la inserci\u00f3n laboral de 6640 personas.<\/p>\n<p>Todo este trabajo de pol\u00edtica p\u00fablica coordinada toma mayor dimensi\u00f3n cuando se contrastan diversos indicadores respecto de la pandemia y la recuperaci\u00f3n posterior en cuanto a diversos indicadores, tales como que en el cuarto trimestre de 2021 la econom\u00eda porte\u00f1a recuper\u00f3 los niveles previos a la pandemia; el empleo privado registrado creci\u00f3 en un 1,1% (+18.900 empleos) respecto a febrero de 2020, y los sectores estrat\u00e9gicos de la Ciudad tienen niveles de empleo privado m\u00e1s altos que en 2019, destac\u00e1ndose inform\u00e1tica (+22,5%), industrias creativas (7,7%) y servicios empresariales (5,6%). En l\u00ednea con este \u00faltimo dato, cabe destacar que el sector de servicios representa el 83% del entramado productivo de la Ciudad, acaparando el 95% del total de lo exportado desde aqu\u00ed y aportando el 85% del total exportado a nivel nacional con un ingreso USD 6.240 millones en 2021.<\/p>\n","protected":false},"excerpt":{"rendered":"<p>El Ministerio de Desarrollo Econ\u00f3mico y Producci\u00f3n porte\u00f1o desde hace tiempo que viene llevando a cabo un plan de desarrollo econ\u00f3mico que genera inversiones, aumenta la producci\u00f3n y potencia la empleabilidad. Muy por el contrario de lo pretende instalar el gobierno nacional haciendo menci\u00f3n de que la Ciudad \u201cno produce ni un tornillo\u201d porque no [&hellip;]<\/p>\n","protected":false},"author":2,"featured_media":42397,"comment_status":"open","ping_status":"open","sticky":false,"template":"","format":"standard","meta":{"_et_pb_use_builder":"","_et_pb_old_content":"","_et_gb_content_width":"","footnotes":""},"categories":[11,33],"tags":[],"class_list":["post-42396","post","type-post","status-publish","format-standard","has-post-thumbnail","hentry","category-ciudad","category-sociedad-y-cultura-2"],"_links":{"self":[{"href":"https:\/\/vocesdebaires.com.ar\/index.php\/wp-json\/wp\/v2\/posts\/42396"}],"collection":[{"href":"https:\/\/vocesdebaires.com.ar\/index.php\/wp-json\/wp\/v2\/posts"}],"about":[{"href":"https:\/\/vocesdebaires.com.ar\/index.php\/wp-json\/wp\/v2\/types\/post"}],"author":[{"embeddable":true,"href":"https:\/\/vocesdebaires.com.ar\/index.php\/wp-json\/wp\/v2\/users\/2"}],"replies":[{"embeddable":true,"href":"https:\/\/vocesdebaires.com.ar\/index.php\/wp-json\/wp\/v2\/comments?post=42396"}],"version-history":[{"count":1,"href":"https:\/\/vocesdebaires.com.ar\/index.php\/wp-json\/wp\/v2\/posts\/42396\/revisions"}],"predecessor-version":[{"id":42398,"href":"https:\/\/vocesdebaires.com.ar\/index.php\/wp-json\/wp\/v2\/posts\/42396\/revisions\/42398"}],"wp:featuredmedia":[{"embeddable":true,"href":"https:\/\/vocesdebaires.com.ar\/index.php\/wp-json\/wp\/v2\/media\/42397"}],"wp:attachment":[{"href":"https:\/\/vocesdebaires.com.ar\/index.php\/wp-json\/wp\/v2\/media?parent=42396"}],"wp:term":[{"taxonomy":"category","embeddable":true,"href":"https:\/\/vocesdebaires.com.ar\/index.php\/wp-json\/wp\/v2\/categories?post=42396"},{"taxonomy":"post_tag","embeddable":true,"href":"https:\/\/vocesdebaires.com.ar\/index.php\/wp-json\/wp\/v2\/tags?post=42396"}],"curies":[{"name":"wp","href":"https:\/\/api.w.org\/{rel}","templated":true}]}}