{"id":42399,"date":"2023-01-31T01:45:33","date_gmt":"2023-01-31T04:45:33","guid":{"rendered":"https:\/\/vocesdebaires.com.ar\/?p=42399"},"modified":"2023-01-31T01:46:59","modified_gmt":"2023-01-31T04:46:59","slug":"taller-coral-de-verano-2023-y-el-coro-de-la-legislatura-portena","status":"publish","type":"post","link":"https:\/\/vocesdebaires.com.ar\/index.php\/2023\/01\/31\/taller-coral-de-verano-2023-y-el-coro-de-la-legislatura-portena\/","title":{"rendered":"Taller Coral de Verano 2023 y el coro de la Legislatura porte\u00f1a"},"content":{"rendered":"<p>Est\u00e1 abierta la inscripci\u00f3n al Taller Coral de Verano que se desarrollar\u00e1 de febrero a marzo en la Sala de Exposiciones de la Legislatura de la Ciudad Aut\u00f3noma de Buenos Aires, ingreso por Hip\u00f3lito Yrigoyen 642. El curso inicia el 6 de febrero y el docente a cargo es el Maestro Claudio Messina. Los ensayos ser\u00e1n los lunes y mi\u00e9rcoles de 18 a 19:30 horas.\u00a0 En marzo se realizar\u00e1 la muestra final en alguno de los salones del Palacio Legislativo. Destinado a coreutas con deseos de profundizar el repertorio coral argentino y latinoamericano de variados arregladores y compositores. Se desarrollar\u00e1n elementos de audioperceptiva para coreutas y t\u00e9cnica vocal. Para inscripci\u00f3n e informes comunicarse a corolegislaturacaba@gmail.com Tel\u00e9fono: 11 4338 3040<\/p>\n","protected":false},"excerpt":{"rendered":"<p>Est\u00e1 abierta la inscripci\u00f3n al Taller Coral de Verano que se desarrollar\u00e1 de febrero a marzo en la Sala de Exposiciones de la Legislatura de la Ciudad Aut\u00f3noma de Buenos Aires, ingreso por Hip\u00f3lito Yrigoyen 642. El curso inicia el 6 de febrero y el docente a cargo es el Maestro Claudio Messina. Los ensayos [&hellip;]<\/p>\n","protected":false},"author":2,"featured_media":42403,"comment_status":"open","ping_status":"open","sticky":false,"template":"","format":"standard","meta":{"_et_pb_use_builder":"","_et_pb_old_content":"","_et_gb_content_width":"","footnotes":""},"categories":[11,33],"tags":[],"class_list":["post-42399","post","type-post","status-publish","format-standard","has-post-thumbnail","hentry","category-ciudad","category-sociedad-y-cultura-2"],"_links":{"self":[{"href":"https:\/\/vocesdebaires.com.ar\/index.php\/wp-json\/wp\/v2\/posts\/42399"}],"collection":[{"href":"https:\/\/vocesdebaires.com.ar\/index.php\/wp-json\/wp\/v2\/posts"}],"about":[{"href":"https:\/\/vocesdebaires.com.ar\/index.php\/wp-json\/wp\/v2\/types\/post"}],"author":[{"embeddable":true,"href":"https:\/\/vocesdebaires.com.ar\/index.php\/wp-json\/wp\/v2\/users\/2"}],"replies":[{"embeddable":true,"href":"https:\/\/vocesdebaires.com.ar\/index.php\/wp-json\/wp\/v2\/comments?post=42399"}],"version-history":[{"count":1,"href":"https:\/\/vocesdebaires.com.ar\/index.php\/wp-json\/wp\/v2\/posts\/42399\/revisions"}],"predecessor-version":[{"id":42402,"href":"https:\/\/vocesdebaires.com.ar\/index.php\/wp-json\/wp\/v2\/posts\/42399\/revisions\/42402"}],"wp:featuredmedia":[{"embeddable":true,"href":"https:\/\/vocesdebaires.com.ar\/index.php\/wp-json\/wp\/v2\/media\/42403"}],"wp:attachment":[{"href":"https:\/\/vocesdebaires.com.ar\/index.php\/wp-json\/wp\/v2\/media?parent=42399"}],"wp:term":[{"taxonomy":"category","embeddable":true,"href":"https:\/\/vocesdebaires.com.ar\/index.php\/wp-json\/wp\/v2\/categories?post=42399"},{"taxonomy":"post_tag","embeddable":true,"href":"https:\/\/vocesdebaires.com.ar\/index.php\/wp-json\/wp\/v2\/tags?post=42399"}],"curies":[{"name":"wp","href":"https:\/\/api.w.org\/{rel}","templated":true}]}}