{"id":42404,"date":"2023-01-31T01:50:15","date_gmt":"2023-01-31T04:50:15","guid":{"rendered":"https:\/\/vocesdebaires.com.ar\/?p=42404"},"modified":"2023-01-31T01:51:57","modified_gmt":"2023-01-31T04:51:57","slug":"ciudadentrega-al-ministerio-de-educacion-de-computadoras-recuperadas","status":"publish","type":"post","link":"https:\/\/vocesdebaires.com.ar\/index.php\/2023\/01\/31\/ciudadentrega-al-ministerio-de-educacion-de-computadoras-recuperadas\/","title":{"rendered":"Entregan al Ministerio de Educaci\u00f3n de computadoras recuperadas"},"content":{"rendered":"<p>La entrega fue encabezada por la jueza Mar\u00eda Alejandra Prov\u00edtola, a cargo del Juzgado Nacional en lo Criminal y Correccional 6, que llev\u00f3 adelante la investigaci\u00f3n por la cual hay 27 imputados por los delitos de robo y encubrimiento. Al acto, en la sede del Ministerio de Educaci\u00f3n, en el Barrio 31 de Retiro, asistieron tambi\u00e9n la titular de esa cartera, Soledad Acu\u00f1a, el ministro de Justicia y Seguridad porte\u00f1o, Marcelo D\u2019Alessandro, y el secretario de ese juzgado, Dr. Sebasti\u00e1n Ghersi.<\/p>\n<p>\u00abDesde el Ministerio de Educaci\u00f3n hacemos una inversi\u00f3n enorme para que todas las escuelas est\u00e9n equipadas con tecnolog\u00eda. Es inadmisible que pasen estas cosas: las computadoras son para los estudiantes, son para aprender. Hay un Gobierno y una Justicia que trabajan para que esto no siga pasando. Y, como digo siempre, estos hechos tienen consecuencias\u00bb, sostuvo Acu\u00f1a.<\/p>\n<p>Por su parte, D\u2019Alessandro, coment\u00f3: \u00abGracias a un gran trabajo del \u00e1rea de investigaciones de la Polic\u00eda de la Ciudad pudimos recuperar las computadoras de los estudiantes y detener a los culpables. Una vez m\u00e1s, los efectivos demostraron el profesionalismo y la rapidez para resolver delitos complejos\u201d.\u201cSi bien ya hemos devuelto autos, motos, bicicletas y celulares a cientos de vecinos, poder devolver herramientas de estudio tiene un significado especial porque los chicos vuelven a contar con su material de aprendizaje. Ahora esperamos que la Justicia act\u00fae con la inmediatez y severidad que amerita un robo de estas caracter\u00edsticas\u00bb, agreg\u00f3 el funcionario.<\/p>\n<p>La Polic\u00eda de la Ciudad, en base a las denuncias recibidas, tiene investigados 163 hechos, entre los cuales se encuentran las causas a cargo del Juzgado de la Dra. Prov\u00edtola, en los que se lograron recuperar m\u00e1s de 2.000 computadoras. Estas m\u00e1quinas son suministradas por el Gobierno de la Ciudad a los alumnos y docentes para que las utilicen en sus estudios.<\/p>\n<p>Puntualmente en el caso de las computadoras devueltas hoy, el Juzgado Criminal y Correccional 6, ante la Secretar\u00eda 118 del doctor Ghersi, inici\u00f3 las investigaciones por la denuncia de un robo en el Centro Educativo \u201cRep\u00fablica de Colombia\u201d Escuela 26 del Distrito 6\u00b0. Por un lado, una de las l\u00edneas investigativas apunt\u00f3 a una empresa constructora que realiz\u00f3 obras en dicho establecimiento educativo ya que una docente detecto en la plataforma de Mercado Libre una publicaci\u00f3n que ofrec\u00eda para la venta varias computadoras similares a las sustra\u00eddas. Algunas incluso ten\u00edan las etiquetas personalizadas que ella misma hab\u00eda rotulado.<\/p>\n<p>Luego de la investigaci\u00f3n de los polic\u00edas se lleg\u00f3 al procesamiento y detenci\u00f3n de los vendedores de las m\u00e1quinas y una persona, trabajador de dicha empresa constructora, sindicado como el autor material del hecho. Por otra parte, los investigadores de la Polic\u00eda de la Ciudad realizaron una quincena de allanamientos ordenados por la Justicia luego de tareas de ciberpatrullaje en distintas p\u00e1ginas de venta de productos por internet.\u00a0 En estos procedimientos se realizaron detenciones de personas que dedicaban a la distribuci\u00f3n, desbloqueo y reducci\u00f3n de los dispositivos. Adem\u00e1s de apresar a los autores materiales de muchos de los robos.<\/p>\n","protected":false},"excerpt":{"rendered":"<p>La entrega fue encabezada por la jueza Mar\u00eda Alejandra Prov\u00edtola, a cargo del Juzgado Nacional en lo Criminal y Correccional 6, que llev\u00f3 adelante la investigaci\u00f3n por la cual hay 27 imputados por los delitos de robo y encubrimiento. Al acto, en la sede del Ministerio de Educaci\u00f3n, en el Barrio 31 de Retiro, asistieron [&hellip;]<\/p>\n","protected":false},"author":2,"featured_media":42405,"comment_status":"open","ping_status":"open","sticky":false,"template":"","format":"standard","meta":{"_et_pb_use_builder":"","_et_pb_old_content":"","_et_gb_content_width":"","footnotes":""},"categories":[11,33],"tags":[],"class_list":["post-42404","post","type-post","status-publish","format-standard","has-post-thumbnail","hentry","category-ciudad","category-sociedad-y-cultura-2"],"_links":{"self":[{"href":"https:\/\/vocesdebaires.com.ar\/index.php\/wp-json\/wp\/v2\/posts\/42404"}],"collection":[{"href":"https:\/\/vocesdebaires.com.ar\/index.php\/wp-json\/wp\/v2\/posts"}],"about":[{"href":"https:\/\/vocesdebaires.com.ar\/index.php\/wp-json\/wp\/v2\/types\/post"}],"author":[{"embeddable":true,"href":"https:\/\/vocesdebaires.com.ar\/index.php\/wp-json\/wp\/v2\/users\/2"}],"replies":[{"embeddable":true,"href":"https:\/\/vocesdebaires.com.ar\/index.php\/wp-json\/wp\/v2\/comments?post=42404"}],"version-history":[{"count":3,"href":"https:\/\/vocesdebaires.com.ar\/index.php\/wp-json\/wp\/v2\/posts\/42404\/revisions"}],"predecessor-version":[{"id":42408,"href":"https:\/\/vocesdebaires.com.ar\/index.php\/wp-json\/wp\/v2\/posts\/42404\/revisions\/42408"}],"wp:featuredmedia":[{"embeddable":true,"href":"https:\/\/vocesdebaires.com.ar\/index.php\/wp-json\/wp\/v2\/media\/42405"}],"wp:attachment":[{"href":"https:\/\/vocesdebaires.com.ar\/index.php\/wp-json\/wp\/v2\/media?parent=42404"}],"wp:term":[{"taxonomy":"category","embeddable":true,"href":"https:\/\/vocesdebaires.com.ar\/index.php\/wp-json\/wp\/v2\/categories?post=42404"},{"taxonomy":"post_tag","embeddable":true,"href":"https:\/\/vocesdebaires.com.ar\/index.php\/wp-json\/wp\/v2\/tags?post=42404"}],"curies":[{"name":"wp","href":"https:\/\/api.w.org\/{rel}","templated":true}]}}