{"id":42410,"date":"2023-02-01T00:00:14","date_gmt":"2023-02-01T03:00:14","guid":{"rendered":"https:\/\/vocesdebaires.com.ar\/?p=42410"},"modified":"2023-01-31T19:30:00","modified_gmt":"2023-01-31T22:30:00","slug":"vivi-el-verano-en-la-ciudad-y-desde-museosba","status":"publish","type":"post","link":"https:\/\/vocesdebaires.com.ar\/index.php\/2023\/02\/01\/vivi-el-verano-en-la-ciudad-y-desde-museosba\/","title":{"rendered":"Viv\u00ed el verano  en la Ciudad y desde el MuseosBA"},"content":{"rendered":"<p>Desde el pasado\u00a0 viernes 6 de enero y hasta el 19 de febrero, los MuseosBA te van a estar esperando con una programaci\u00f3n para toda la familia. Vamos a vivir un verano con actividades art\u00edsticas, l\u00fadicas y recreativas pensadas para diferentes intereses y segmentos: infancia, p\u00fablico + 60 y tambi\u00e9n para j\u00f3venes. Habr\u00e1 shows, fiestas retro, talleres, artes visuales, cine, teatro, visitas guiadas, recorridos tem\u00e1ticos, ferias, clases de baile, y m\u00e1s. La programaci\u00f3n completa estar\u00e1 disponible en la web Vivamos Cultura, pero ac\u00e1 abajo, te adelantamos algunos de los ciclos que vas a poder disfrutar.<\/p>\n<p><strong>Programa Febrero:<\/strong><br \/>\n<strong>J\u00f3venes y adultos<\/strong><br \/>\n<strong>Visitas Nocturnas al jard\u00edn andaluz<\/strong><br \/>\n<strong>Jueves 2\/2 a las 20 h.<\/strong><br \/>\nLos invitamos a disfrutar por un viaje en el Para\u00edso del Museo Larreta en una noche m\u00e1gica. Durante una hora recorreremos el jard\u00edn andaluz m\u00e1s bello de la Ciudad. Los esperamos.<br \/>\nActividad con inscripci\u00f3n previa.<\/p>\n<p><strong>Infancias<\/strong><br \/>\n<strong>Minimuseos | Tintas vivas en el Jard\u00edn<\/strong><br \/>\n<strong>Jueves 2\/2 a las 18 y 19 h.<\/strong><br \/>\nEn este taller te invitamos a explorar el jard\u00edn para conocer las plantas nativas que nos dan colores. Luego entre todos podremos experimentar y dibujar con los tintes naturales. Pensada para compartir con abuelos y nietos de 4 a 7 a\u00f1os.<br \/>\nActividad con inscripci\u00f3n previa.<\/p>\n<p><strong>Minimuseos | Pintar los secretos de las plantas<\/strong><br \/>\n<strong>Viernes 3\/2 a las 19 h.<\/strong><br \/>\nLos invitamos al taller de pintura para ejercitar nuestra observaci\u00f3n y creatividad. Todos juntos experimentaremos con las acuarelas para pintar inspirados en las plantas del jard\u00edn del Museo. Para ni\u00f1os y ni\u00f1as de 4 a 7 a\u00f1os.<br \/>\nActividad con inscripci\u00f3n previa.<\/p>\n<p><strong>Minimuseos | \u00bfCon qu\u00e9 sue\u00f1an los \u00e1rboles?<\/strong><br \/>\n<strong>S\u00e1bado 4\/2 a las 19 h.<\/strong><br \/>\nUn taller para explorar la imaginaci\u00f3n conect\u00e1ndonos mediante el dibujo con quienes todos los veranos nos regalan sombra fresca: los \u00e1rboles. \u00a1Te esperamos! Para ni\u00f1os y ni\u00f1as de 8 a 12 a\u00f1os. Actividad con inscripci\u00f3n previa.<\/p>\n<p><strong>Mir\u00e1 la programaci\u00f3n completa de Verano en la Ciudad en el Larreta<\/strong><br \/>\n<strong>Ir la sitio de Vivamos Cultura<\/strong>: https:\/\/vivamoscultura.buenosaires.gob.ar\/home\/420-verano_en_la_ciudad<\/p>\n","protected":false},"excerpt":{"rendered":"<p>Desde el pasado\u00a0 viernes 6 de enero y hasta el 19 de febrero, los MuseosBA te van a estar esperando con una programaci\u00f3n para toda la familia. Vamos a vivir un verano con actividades art\u00edsticas, l\u00fadicas y recreativas pensadas para diferentes intereses y segmentos: infancia, p\u00fablico + 60 y tambi\u00e9n para j\u00f3venes. Habr\u00e1 shows, fiestas [&hellip;]<\/p>\n","protected":false},"author":2,"featured_media":42411,"comment_status":"open","ping_status":"open","sticky":false,"template":"","format":"standard","meta":{"_et_pb_use_builder":"","_et_pb_old_content":"","_et_gb_content_width":"","footnotes":""},"categories":[11,33],"tags":[],"class_list":["post-42410","post","type-post","status-publish","format-standard","has-post-thumbnail","hentry","category-ciudad","category-sociedad-y-cultura-2"],"_links":{"self":[{"href":"https:\/\/vocesdebaires.com.ar\/index.php\/wp-json\/wp\/v2\/posts\/42410"}],"collection":[{"href":"https:\/\/vocesdebaires.com.ar\/index.php\/wp-json\/wp\/v2\/posts"}],"about":[{"href":"https:\/\/vocesdebaires.com.ar\/index.php\/wp-json\/wp\/v2\/types\/post"}],"author":[{"embeddable":true,"href":"https:\/\/vocesdebaires.com.ar\/index.php\/wp-json\/wp\/v2\/users\/2"}],"replies":[{"embeddable":true,"href":"https:\/\/vocesdebaires.com.ar\/index.php\/wp-json\/wp\/v2\/comments?post=42410"}],"version-history":[{"count":2,"href":"https:\/\/vocesdebaires.com.ar\/index.php\/wp-json\/wp\/v2\/posts\/42410\/revisions"}],"predecessor-version":[{"id":42413,"href":"https:\/\/vocesdebaires.com.ar\/index.php\/wp-json\/wp\/v2\/posts\/42410\/revisions\/42413"}],"wp:featuredmedia":[{"embeddable":true,"href":"https:\/\/vocesdebaires.com.ar\/index.php\/wp-json\/wp\/v2\/media\/42411"}],"wp:attachment":[{"href":"https:\/\/vocesdebaires.com.ar\/index.php\/wp-json\/wp\/v2\/media?parent=42410"}],"wp:term":[{"taxonomy":"category","embeddable":true,"href":"https:\/\/vocesdebaires.com.ar\/index.php\/wp-json\/wp\/v2\/categories?post=42410"},{"taxonomy":"post_tag","embeddable":true,"href":"https:\/\/vocesdebaires.com.ar\/index.php\/wp-json\/wp\/v2\/tags?post=42410"}],"curies":[{"name":"wp","href":"https:\/\/api.w.org\/{rel}","templated":true}]}}