{"id":42414,"date":"2023-02-01T00:00:01","date_gmt":"2023-02-01T03:00:01","guid":{"rendered":"https:\/\/vocesdebaires.com.ar\/?p=42414"},"modified":"2023-01-31T19:34:07","modified_gmt":"2023-01-31T22:34:07","slug":"la-ciudad-reconocio-a-agentes-de-calle-destacados-durante-2022","status":"publish","type":"post","link":"https:\/\/vocesdebaires.com.ar\/index.php\/2023\/02\/01\/la-ciudad-reconocio-a-agentes-de-calle-destacados-durante-2022\/","title":{"rendered":"La Ciudad reconoci\u00f3 a Agentes de Calle destacados durante 2022"},"content":{"rendered":"<p>Un total de 85 Agentes de Prevenci\u00f3n, Agentes de Tr\u00e1nsito, Guardaparques, fiscalizadores de la AGC e inspectores comunales que desempe\u00f1an su tarea en la v\u00eda p\u00fablica fueron reconocidos por haberse distinguido en sus tareas durante el a\u00f1o. A la ceremonia, que se desarroll\u00f3 en el Auditorio del Centro Metropolitano de Dise\u00f1o, asistieron entre otros, la subsecretaria de Seguridad Comunal y Orden P\u00fablico, Elizabeth Caama\u00f1o, y el subsecretario de Participaci\u00f3n Ciudadana en Seguridad, Ezequiel Daglio.<\/p>\n<p>\u201cPara nosotros es un orgullo y una alegr\u00eda poder tomarnos un minuto de todo el trabajo para poder agradecer y reconocer el trabajo de estos 3.300 agentes, que durante todo el a\u00f1o acompa\u00f1aron todas las actividades de orden p\u00fablico, de convivencia y de seguridad, que fueron much\u00edsimas\u201d, sostuvo Caama\u00f1o.<\/p>\n<p>La funcionaria refiri\u00f3 que hay \u201cdistintas \u00e1reas de gobierno participando de este trabajo de coordinaci\u00f3n y capacitaci\u00f3n, que se desempe\u00f1an en la v\u00eda p\u00fablica, incorporando m\u00e1s ojos y m\u00e1s interacciones directas con los vecinos, para adelantarnos, para prevenir y ser el primer actor del Sistema Integral de Seguridad P\u00fablica, en s\u00edntesis la cara del Gobierno para atender, auxiliar y para que el Sistema r\u00e1pidamente pueda a intervenir y ayudar a quien lo necesita\u201d.<\/p>\n<p>Los trabajadores destacados, quienes recibieron un diploma como reconocimiento a su gesti\u00f3n, son 16 Agentes de Prevenci\u00f3n, 6 fiscalizadores de la Agencia Gubernamental de Control (AGC), 11 agentes de Tr\u00e1nsito en materia de Convivencia y Orden P\u00fablico, 6 Inspectores Comunales, 16 Guardaparques y 30 agentes de Tr\u00e1nsito Transporte.<\/p>\n","protected":false},"excerpt":{"rendered":"<p>Un total de 85 Agentes de Prevenci\u00f3n, Agentes de Tr\u00e1nsito, Guardaparques, fiscalizadores de la AGC e inspectores comunales que desempe\u00f1an su tarea en la v\u00eda p\u00fablica fueron reconocidos por haberse distinguido en sus tareas durante el a\u00f1o. A la ceremonia, que se desarroll\u00f3 en el Auditorio del Centro Metropolitano de Dise\u00f1o, asistieron entre otros, la [&hellip;]<\/p>\n","protected":false},"author":2,"featured_media":42415,"comment_status":"open","ping_status":"open","sticky":false,"template":"","format":"standard","meta":{"_et_pb_use_builder":"","_et_pb_old_content":"","_et_gb_content_width":"","footnotes":""},"categories":[11,33],"tags":[],"class_list":["post-42414","post","type-post","status-publish","format-standard","has-post-thumbnail","hentry","category-ciudad","category-sociedad-y-cultura-2"],"_links":{"self":[{"href":"https:\/\/vocesdebaires.com.ar\/index.php\/wp-json\/wp\/v2\/posts\/42414"}],"collection":[{"href":"https:\/\/vocesdebaires.com.ar\/index.php\/wp-json\/wp\/v2\/posts"}],"about":[{"href":"https:\/\/vocesdebaires.com.ar\/index.php\/wp-json\/wp\/v2\/types\/post"}],"author":[{"embeddable":true,"href":"https:\/\/vocesdebaires.com.ar\/index.php\/wp-json\/wp\/v2\/users\/2"}],"replies":[{"embeddable":true,"href":"https:\/\/vocesdebaires.com.ar\/index.php\/wp-json\/wp\/v2\/comments?post=42414"}],"version-history":[{"count":1,"href":"https:\/\/vocesdebaires.com.ar\/index.php\/wp-json\/wp\/v2\/posts\/42414\/revisions"}],"predecessor-version":[{"id":42416,"href":"https:\/\/vocesdebaires.com.ar\/index.php\/wp-json\/wp\/v2\/posts\/42414\/revisions\/42416"}],"wp:featuredmedia":[{"embeddable":true,"href":"https:\/\/vocesdebaires.com.ar\/index.php\/wp-json\/wp\/v2\/media\/42415"}],"wp:attachment":[{"href":"https:\/\/vocesdebaires.com.ar\/index.php\/wp-json\/wp\/v2\/media?parent=42414"}],"wp:term":[{"taxonomy":"category","embeddable":true,"href":"https:\/\/vocesdebaires.com.ar\/index.php\/wp-json\/wp\/v2\/categories?post=42414"},{"taxonomy":"post_tag","embeddable":true,"href":"https:\/\/vocesdebaires.com.ar\/index.php\/wp-json\/wp\/v2\/tags?post=42414"}],"curies":[{"name":"wp","href":"https:\/\/api.w.org\/{rel}","templated":true}]}}