{"id":42420,"date":"2023-02-01T00:00:46","date_gmt":"2023-02-01T03:00:46","guid":{"rendered":"https:\/\/vocesdebaires.com.ar\/?p=42420"},"modified":"2023-01-31T19:43:58","modified_gmt":"2023-01-31T22:43:58","slug":"en-la-ciudadreunion-con-vecinos-en-el-centro-de-monitoreo","status":"publish","type":"post","link":"https:\/\/vocesdebaires.com.ar\/index.php\/2023\/02\/01\/en-la-ciudadreunion-con-vecinos-en-el-centro-de-monitoreo\/","title":{"rendered":"En la ciudad:Reuni\u00f3n con vecinos en el Centro de Monitoreo"},"content":{"rendered":"<p>El Ministro de Gobierno, Jorge Macri, particip\u00f3 de un zoom con vecinos de diferentes barrios que plantearon temas relacionados a la inseguridad. De esta iniciativa participaron 100 personas de las Comunas 4, 8 y 9 que intercambiaron conceptos e ideas con el ministro. \u201cUno de los pilares principales de nuestra gesti\u00f3n en seguridad es el trabajo en conjunto con los vecinos. Escuchar a cada uno de ellos es fundamental para saber que necesitan y saber como seguir mejorando\u201d, dijo Jorge Macri. El Centro de monitoreo tiene m\u00e1s de 12716 c\u00e1maras propias y aproximadamente 2000 integradas. Adem\u00e1s, hay 92 puestos fijos monitoreando las mismas y 40 de ellas se encargan de su visualizaci\u00f3n. La Ciudad cuenta con 3 de estos centros.<\/p>\n<p>Asimismo, el Ministro de Gobierno, asegur\u00f3: \u201cTrabajamos cada d\u00eda para llevar tranquilidad a cada barrio. Contamos con 3 centros de monitoreo, el anillo digital y el 75% de la ciudad videovigilada con c\u00e1maras; elaboramos un mapa que nos permite conocer c\u00f3mo se mueve el delito y planificar la gesti\u00f3n. Adem\u00e1s, creamos nuevos canales de denuncia a trav\u00e9s del 911 y los c\u00f3digos QR; y seguimos ampliando y modernizando la flota de patrulleros\u201d. Para finalizar expres\u00f3: \u201cNos comprometemos a seguir generando espacios de di\u00e1logos e intercambio de ideas como estas reuniones. Son una muestra m\u00e1s de nuestra decisi\u00f3n pol\u00edtica de gobernar por y para la gente\u201d.<\/p>\n","protected":false},"excerpt":{"rendered":"<p>El Ministro de Gobierno, Jorge Macri, particip\u00f3 de un zoom con vecinos de diferentes barrios que plantearon temas relacionados a la inseguridad. De esta iniciativa participaron 100 personas de las Comunas 4, 8 y 9 que intercambiaron conceptos e ideas con el ministro. \u201cUno de los pilares principales de nuestra gesti\u00f3n en seguridad es el [&hellip;]<\/p>\n","protected":false},"author":2,"featured_media":42421,"comment_status":"open","ping_status":"open","sticky":false,"template":"","format":"standard","meta":{"_et_pb_use_builder":"","_et_pb_old_content":"","_et_gb_content_width":"","footnotes":""},"categories":[11,33],"tags":[],"class_list":["post-42420","post","type-post","status-publish","format-standard","has-post-thumbnail","hentry","category-ciudad","category-sociedad-y-cultura-2"],"_links":{"self":[{"href":"https:\/\/vocesdebaires.com.ar\/index.php\/wp-json\/wp\/v2\/posts\/42420"}],"collection":[{"href":"https:\/\/vocesdebaires.com.ar\/index.php\/wp-json\/wp\/v2\/posts"}],"about":[{"href":"https:\/\/vocesdebaires.com.ar\/index.php\/wp-json\/wp\/v2\/types\/post"}],"author":[{"embeddable":true,"href":"https:\/\/vocesdebaires.com.ar\/index.php\/wp-json\/wp\/v2\/users\/2"}],"replies":[{"embeddable":true,"href":"https:\/\/vocesdebaires.com.ar\/index.php\/wp-json\/wp\/v2\/comments?post=42420"}],"version-history":[{"count":2,"href":"https:\/\/vocesdebaires.com.ar\/index.php\/wp-json\/wp\/v2\/posts\/42420\/revisions"}],"predecessor-version":[{"id":42424,"href":"https:\/\/vocesdebaires.com.ar\/index.php\/wp-json\/wp\/v2\/posts\/42420\/revisions\/42424"}],"wp:featuredmedia":[{"embeddable":true,"href":"https:\/\/vocesdebaires.com.ar\/index.php\/wp-json\/wp\/v2\/media\/42421"}],"wp:attachment":[{"href":"https:\/\/vocesdebaires.com.ar\/index.php\/wp-json\/wp\/v2\/media?parent=42420"}],"wp:term":[{"taxonomy":"category","embeddable":true,"href":"https:\/\/vocesdebaires.com.ar\/index.php\/wp-json\/wp\/v2\/categories?post=42420"},{"taxonomy":"post_tag","embeddable":true,"href":"https:\/\/vocesdebaires.com.ar\/index.php\/wp-json\/wp\/v2\/tags?post=42420"}],"curies":[{"name":"wp","href":"https:\/\/api.w.org\/{rel}","templated":true}]}}