{"id":42428,"date":"2023-02-01T00:00:48","date_gmt":"2023-02-01T03:00:48","guid":{"rendered":"https:\/\/vocesdebaires.com.ar\/?p=42428"},"modified":"2023-01-31T19:53:16","modified_gmt":"2023-01-31T22:53:16","slug":"amia-cultura-presento-su-programacion-para-febrero-y-marzo","status":"publish","type":"post","link":"https:\/\/vocesdebaires.com.ar\/index.php\/2023\/02\/01\/amia-cultura-presento-su-programacion-para-febrero-y-marzo\/","title":{"rendered":"AMIA Cultura present\u00f3 su programaci\u00f3n para febrero y marzo"},"content":{"rendered":"<p>El \u00e1rea de AMIA Cultura dio a conocer la agenda de febrero y marzo, que incluye -entre otras propuestas- el concierto de jazz de Bernardo Baraj (jueves 23 de febrero, a las 20), el espect\u00e1culo de \u201cWoody Allen Night por Par\u00eds Jazz Club\u201d (jueves 2 de marzo, a las 20) y la obra de teatro \u201cEl Golem de Praga\u201d (jueves 9 de marzo, a las 20). La programaci\u00f3n tambi\u00e9n incluye la presentaci\u00f3n de la \u00f3pera \u201cLa Traviata\u201d (jueves 16 de marzo, a las 19), y el show musical \u201cPobre diabla\u201d, con un repertorio de canciones de reconocidas telenovelas que ser\u00e1n presentadas por los artistas Alina Gandini y Mat\u00edas Mango.<\/p>\n<p>Adem\u00e1s, ya se puede reservar una vacante para participar de los cursos presenciales sobre m\u00fasica cl\u00e1sica y \u00f3pera, a cargo de Claudio Mamud (mi\u00e9rcoles 1\u00b0 de febrero, a las 18), y coaching y comunicaci\u00f3n efectiva, que dictar\u00e1 Laura Museri (martes 7 de marzo, a las 18.30).La agenda de verano tambi\u00e9n ofrece, en formato virtual y gratuito, las pel\u00edculas \u201cUna pasteler\u00eda en Notting Hill\u201d (Reino Unido), \u201cTransit\u201d (Alemania), \u201cCold War\u201d (Polonia), \u201cMis tardes con Margueritte\u201d (Francia), \u201cVarsovia 44\u201d (Polonia) y \u201cBelle y Sebasti\u00e1n\u201d (Francia). Por otro lado, se podr\u00e1 pedir cupo para las capacitaciones y conferencias que se dictar\u00e1n de manera virtual:<\/p>\n<p><strong>\u201cKabal\u00e1: El misterio de las Sefirot\u201d<\/strong><br \/>\nDurante cuatro encuentros, los participantes podr\u00e1n conocer el significado y la particularidad que tiene la \u201cenerg\u00eda \u00fanica\u201d seg\u00fan la Kabal\u00e1.<br \/>\nInicio: Martes 7\/2. 4 clases.<br \/>\nDocente: Sebasti\u00e1n Cardemil Muchnik<\/p>\n<p><strong>\u201cGrandes obras de la literatura fant\u00e1stica\u201d<\/strong><br \/>\nEn este espacio se analizar\u00e1 la narrativa de las principales obras de la literatura fant\u00e1stica del siglo XIX.<br \/>\nInicio: Mi\u00e9rcoles 8\/2. 4 clases.<br \/>\nDocente: Cecilia Lasa<\/p>\n<p><strong>\u201cHistoria del Arte: Neoclasicismo y Romanticismo\u201d<\/strong><br \/>\n\u201cNuestro recorrido abarca dos movimientos totalmente opuestos, cada uno entendido como expresi\u00f3n leg\u00edtima de su \u00e9poca\u201d, adelantaron los organizadores del curso que se realiza en alianza con UMSA.<br \/>\nInicio: Jueves 9\/2. 4 clases.<br \/>\nDocente: Nora Tristezza<\/p>\n<p><strong>\u201cYo acuso y el antisemitismo franc\u00e9s\u201d<\/strong><br \/>\nEspacio para el an\u00e1lisis del art\u00edculo que public\u00f3 el intelectual \u00c9mile Zola, en defensa de Alfred Dreyfus y dirigido al presidente de Francia, que conmocion\u00f3 no s\u00f3lo al pa\u00eds, sino al mundo occidental.<br \/>\nInicio: Jueves 16\/2<br \/>\nDocente: Natalio Steiner<\/p>\n<p><strong>\u201cJaim Bialik: 150 a\u00f1os de su nacimiento\u201d<\/strong><br \/>\n\u201cEsta conferencia, en conmemoraci\u00f3n del 150\u00b0 aniversario del nacimiento de Jaim Najman Bialik, el poeta nacional del pueblo jud\u00edo, incluir\u00e1 los aspectos m\u00e1s relevantes de su vida y de su bell\u00edsima y perdurable obra\u201d, adelantaron desde AMIA Cultura.<br \/>\nInicio: Jueves 23\/2<br \/>\nDocente: Baruj Zaidenknop<\/p>\n<p><strong>\u201cLiteratura del siglo XIX\u201d<\/strong><br \/>\nUn recorrido por distintos g\u00e9neros de la literatura europea del siglo XIX.<br \/>\nInicio: Mi\u00e9rcoles 1\/3. 4 clases.<br \/>\nDocente: Julieta Sbdar Kaplan<\/p>\n<p><strong>\u201cHebreo\u201d<\/strong><br \/>\nLas personas interesadas podr\u00e1n optar por la cursada en el nivel b\u00e1sico, medio o avanzado.<br \/>\nInicio: Lunes 6\/3. 6 clases.<br \/>\nDocente: Daniel Danilewicz<\/p>\n<p><strong>\u201cGrandes imperios de la historia\u201d<\/strong><br \/>\n\u201cEn esta capacitaci\u00f3n se analizar\u00e1 la historia de diversos pueblos que tuvieron la ambici\u00f3n y lograron el dominio de sus vecinos, extendiendo sus fronteras a la escala global de su tiempo\u201d, explicaron los organizadores.<br \/>\nInicio: Martes 7\/3. 5 clases.<br \/>\nDocente: Laura Berna<\/p>\n<p><strong>\u201cArte y cultura oriental\u201d<\/strong><br \/>\nRecorrido por la producci\u00f3n art\u00edstica en Asia, atravesada por el pensamiento y la tradici\u00f3n de su cultura milenaria.<br \/>\nInicio: Mi\u00e9rcoles 8\/3. 4 clases.<br \/>\nDocente: Cecilia Latorre<\/p>\n<p><strong>\u201cMarx: Vida, obra y legado\u201d<\/strong><br \/>\nConferencia dise\u00f1ada para profundizar acerca del legado del fil\u00f3sofo Karl Marx.<br \/>\nInicio: Lunes 20\/3<br \/>\nDocente: Sebasti\u00e1n Sancari<\/p>\n","protected":false},"excerpt":{"rendered":"<p>El \u00e1rea de AMIA Cultura dio a conocer la agenda de febrero y marzo, que incluye -entre otras propuestas- el concierto de jazz de Bernardo Baraj (jueves 23 de febrero, a las 20), el espect\u00e1culo de \u201cWoody Allen Night por Par\u00eds Jazz Club\u201d (jueves 2 de marzo, a las 20) y la obra de teatro [&hellip;]<\/p>\n","protected":false},"author":2,"featured_media":42429,"comment_status":"open","ping_status":"open","sticky":false,"template":"","format":"standard","meta":{"_et_pb_use_builder":"","_et_pb_old_content":"","_et_gb_content_width":"","footnotes":""},"categories":[11,33],"tags":[],"class_list":["post-42428","post","type-post","status-publish","format-standard","has-post-thumbnail","hentry","category-ciudad","category-sociedad-y-cultura-2"],"_links":{"self":[{"href":"https:\/\/vocesdebaires.com.ar\/index.php\/wp-json\/wp\/v2\/posts\/42428"}],"collection":[{"href":"https:\/\/vocesdebaires.com.ar\/index.php\/wp-json\/wp\/v2\/posts"}],"about":[{"href":"https:\/\/vocesdebaires.com.ar\/index.php\/wp-json\/wp\/v2\/types\/post"}],"author":[{"embeddable":true,"href":"https:\/\/vocesdebaires.com.ar\/index.php\/wp-json\/wp\/v2\/users\/2"}],"replies":[{"embeddable":true,"href":"https:\/\/vocesdebaires.com.ar\/index.php\/wp-json\/wp\/v2\/comments?post=42428"}],"version-history":[{"count":1,"href":"https:\/\/vocesdebaires.com.ar\/index.php\/wp-json\/wp\/v2\/posts\/42428\/revisions"}],"predecessor-version":[{"id":42430,"href":"https:\/\/vocesdebaires.com.ar\/index.php\/wp-json\/wp\/v2\/posts\/42428\/revisions\/42430"}],"wp:featuredmedia":[{"embeddable":true,"href":"https:\/\/vocesdebaires.com.ar\/index.php\/wp-json\/wp\/v2\/media\/42429"}],"wp:attachment":[{"href":"https:\/\/vocesdebaires.com.ar\/index.php\/wp-json\/wp\/v2\/media?parent=42428"}],"wp:term":[{"taxonomy":"category","embeddable":true,"href":"https:\/\/vocesdebaires.com.ar\/index.php\/wp-json\/wp\/v2\/categories?post=42428"},{"taxonomy":"post_tag","embeddable":true,"href":"https:\/\/vocesdebaires.com.ar\/index.php\/wp-json\/wp\/v2\/tags?post=42428"}],"curies":[{"name":"wp","href":"https:\/\/api.w.org\/{rel}","templated":true}]}}