{"id":42442,"date":"2023-02-03T00:00:34","date_gmt":"2023-02-03T03:00:34","guid":{"rendered":"https:\/\/vocesdebaires.com.ar\/?p=42442"},"modified":"2023-02-02T20:16:41","modified_gmt":"2023-02-02T23:16:41","slug":"avanzan-las-obra-de-la-nueva-plaza-sustentable-de-moron","status":"publish","type":"post","link":"https:\/\/vocesdebaires.com.ar\/index.php\/2023\/02\/03\/avanzan-las-obra-de-la-nueva-plaza-sustentable-de-moron\/","title":{"rendered":"Avanzan las obra de la nueva plaza sustentable de Mor\u00f3n"},"content":{"rendered":"<p>El intendente y ministro recorri\u00f3 el avance de las obras de la Plaza Monumento a la Bandera, concretadas en el marco del Plan Casa Com\u00fan. All\u00ed el funcionario se dirigi\u00f3 a las y los vecinos presentes: \u201cQuiero agradecerles y decirles que estoy muy contento de estar ac\u00e1, por esta jornada ambiental y tambi\u00e9n por la charla ambiental que brindaron, los felicito por las ganas de seguir participando y aprendiendo y por seguir siendo solidarios\u201d. \u201cLa agenda ambiental es una tarea solidaria con las pr\u00f3ximas generaciones. Con nuestros hijos, familiares, sobrinos. Hoy estamos en una situaci\u00f3n extrema, con el calentamiento global que trae los extremos clim\u00e1ticos, hay lugares donde ya no hay nieve.<\/p>\n<p>Por eso, tenemos que cambiar nuestras pr\u00e1cticas\u201d, afirm\u00f3 el titular de la cartera ambiental nacional. El intendente Ghi declar\u00f3,Hace unos meses firmamos un convenio y hoy vemos los avances concretos. Se va a instalar equipamiento sustentable, a base de energ\u00eda solar, y esto va a permitir una comunidad m\u00e1s activa, con m\u00e1s participaci\u00f3n y protagonismo popular. En nombre de la comunidad le agradezco al Estado nacional, y en particular a Juan, por haber confiado en Mor\u00f3n para llevar adelante esta propuesta. El impacto es positivo para nuestros vecinos y vecinas y seguramente ser\u00e1 motivo de alegr\u00eda de toda la comunidad cuando se inaugure este espacio verde\u201d.<\/p>\n<p>Los trabajos involucran la puesta en valor del espacio p\u00fablico, tambi\u00e9n denominado Plaza Azul, y comprometen una inversi\u00f3n del Estado nacional por $ 30 millones del mencionado plan federal. El detalle incluye la instalaci\u00f3n el\u00e9ctrica para la realizaci\u00f3n de eventos culturales, un sector de juegos infantiles y otro de de mesas y bancos realizados con material reciclado, un espacio deportivo con canchas de f\u00fatbol, f\u00fatbol-tenis y aparatos de gimnasia, huerta agroecol\u00f3gica y \u00e1rboles frutales los que servir\u00e1n como sitio de capacitaci\u00f3n, veredas perimetrales, camino central, bicisenda, iluminaci\u00f3n LED y luminarias con carga solar. Cabe indicar que Mor\u00f3n fue el primer municipio del oeste del AMBA en incorporar dos unidades el\u00e9ctricas que son utilizados para traslado interno dentro del Parque Industrial Tecnol\u00f3gico Aeron\u00e1utico Mor\u00f3n. Para esto, cont\u00f3 con una inversi\u00f3n del Ministerio de Ambiente nacional de $ 4,3 millones.<\/p>\n<p>En la visita tambi\u00e9n estuvieron presentes por parte de la cartera ambiental: el director de Planificaci\u00f3n y Prevenci\u00f3n del Servicio Nacional del Manejo del Fuego (SNMF), Jorge Heider; la directora de Operaci\u00f3n y Log\u00edstica del SNMF, Noelia Ortiz; la directora de Innovaci\u00f3n para el Desarrollo Sostenible, Victoria Bandin; por parte del municipio de La Matanza: la secretaria de Producci\u00f3n, D\u00e9bora Giorgi; por parte de la localidad de Mor\u00f3n: el secretario de Planificaci\u00f3n Estrat\u00e9gica del municipio, Pablo Izcovich; la subsecretaria de Gesti\u00f3n Ambiental, Virginia Paso; la directora de Gesti\u00f3n Ambiental, Mariana Rinaldi; el presidente de ARD, Aldo Omar Hern\u00e1ndez; y el gerente general de ARD, Fernando Zuleta.<\/p>\n","protected":false},"excerpt":{"rendered":"<p>El intendente y ministro recorri\u00f3 el avance de las obras de la Plaza Monumento a la Bandera, concretadas en el marco del Plan Casa Com\u00fan. All\u00ed el funcionario se dirigi\u00f3 a las y los vecinos presentes: \u201cQuiero agradecerles y decirles que estoy muy contento de estar ac\u00e1, por esta jornada ambiental y tambi\u00e9n por la [&hellip;]<\/p>\n","protected":false},"author":3,"featured_media":42443,"comment_status":"open","ping_status":"open","sticky":false,"template":"","format":"standard","meta":{"_et_pb_use_builder":"","_et_pb_old_content":"","_et_gb_content_width":"","footnotes":""},"categories":[34,13],"tags":[],"class_list":["post-42442","post","type-post","status-publish","format-standard","has-post-thumbnail","hentry","category-politica","category-provincia"],"_links":{"self":[{"href":"https:\/\/vocesdebaires.com.ar\/index.php\/wp-json\/wp\/v2\/posts\/42442"}],"collection":[{"href":"https:\/\/vocesdebaires.com.ar\/index.php\/wp-json\/wp\/v2\/posts"}],"about":[{"href":"https:\/\/vocesdebaires.com.ar\/index.php\/wp-json\/wp\/v2\/types\/post"}],"author":[{"embeddable":true,"href":"https:\/\/vocesdebaires.com.ar\/index.php\/wp-json\/wp\/v2\/users\/3"}],"replies":[{"embeddable":true,"href":"https:\/\/vocesdebaires.com.ar\/index.php\/wp-json\/wp\/v2\/comments?post=42442"}],"version-history":[{"count":1,"href":"https:\/\/vocesdebaires.com.ar\/index.php\/wp-json\/wp\/v2\/posts\/42442\/revisions"}],"predecessor-version":[{"id":42444,"href":"https:\/\/vocesdebaires.com.ar\/index.php\/wp-json\/wp\/v2\/posts\/42442\/revisions\/42444"}],"wp:featuredmedia":[{"embeddable":true,"href":"https:\/\/vocesdebaires.com.ar\/index.php\/wp-json\/wp\/v2\/media\/42443"}],"wp:attachment":[{"href":"https:\/\/vocesdebaires.com.ar\/index.php\/wp-json\/wp\/v2\/media?parent=42442"}],"wp:term":[{"taxonomy":"category","embeddable":true,"href":"https:\/\/vocesdebaires.com.ar\/index.php\/wp-json\/wp\/v2\/categories?post=42442"},{"taxonomy":"post_tag","embeddable":true,"href":"https:\/\/vocesdebaires.com.ar\/index.php\/wp-json\/wp\/v2\/tags?post=42442"}],"curies":[{"name":"wp","href":"https:\/\/api.w.org\/{rel}","templated":true}]}}