{"id":42445,"date":"2023-02-03T00:00:03","date_gmt":"2023-02-03T03:00:03","guid":{"rendered":"https:\/\/vocesdebaires.com.ar\/?p=42445"},"modified":"2023-02-02T20:22:11","modified_gmt":"2023-02-02T23:22:11","slug":"fashion-tour-2023brillara-carilo-en-el-evento-de-alta-costura-mas-exclusivo","status":"publish","type":"post","link":"https:\/\/vocesdebaires.com.ar\/index.php\/2023\/02\/03\/fashion-tour-2023brillara-carilo-en-el-evento-de-alta-costura-mas-exclusivo\/","title":{"rendered":"Fashion Tour 2023:Brillar\u00e0 Caril\u00f3 en el evento de alta costura m\u00e1s exclusivo"},"content":{"rendered":"<p>El evento de alta costura m\u00e1s exclusivo del verano se llevar\u00e1 cabo el pr\u00f3ximo 9 de febrero a las 19 horas en el Caril\u00f3 Golf de la mano del empresario V\u00edctor Corso y del prestigioso dise\u00f1ador argentino reconocido mundialmente Gabriel Lage, quien brindar\u00e1 una charla exclusiva donde contar\u00e1 en detalle todo sobre su colecci\u00f3n, la confecci\u00f3n de sus piezas \u00fanicas, y su trayectoria en la moda. Se trata del dise\u00f1ador, elegido por Juliana Awada, Pampita y Valeria Mazza, que recientemente visti\u00f3 a la Reina Letizia en la cena de gala en el Palacio Real madrile\u00f1o en honor al Emir de Qatar.\u00a0 Adem\u00e1s, en este encuentro \u201cLage Experience by Volvo\u201d, se integrar\u00e1 la moda con el automovilismo de primera categor\u00eda. Volvo, la automotriz reconocida por su calidad Premium, apuesta esta vez a la innovaci\u00f3n desde lo sustentable, buscando reducir el impacto ambiental.<\/p>\n<p>De esta manera estar\u00e1 todo el verano presente en Caril\u00f3 y uni\u00e9ndose a este importante desfile. Luego del \u00e9xito de Lage Experience 30 a\u00f1os y Fashion Tour, la agencia creativa VLC Marketing, bajo la direcci\u00f3n y producci\u00f3n general de Victor Corso, vestir\u00e1 de gala el bosque con la conducci\u00f3n de Karina Mazzoco en una presentaci\u00f3n que marcar\u00e1 la diferencia. \u201cEstamos en el medio de una temporada incre\u00edble comenzamos el 4 de noviembre con los eventos que fuimos realizando en distintos puntos del pa\u00eds y continuaremos el 11 de febrero Mar de las Pampas, 12 de febrero en el casino Pinamar, cerrando el verano el 18 de febrero en el Sheraton Mar del Plata. Luego comenzaremos con la temporada oto\u00f1o \/invierno y vamos por mucho m\u00e1s\u201d concluy\u00f3 el Empresario y Director de la Agencia VLC Marketing Corso.<\/p>\n","protected":false},"excerpt":{"rendered":"<p>El evento de alta costura m\u00e1s exclusivo del verano se llevar\u00e1 cabo el pr\u00f3ximo 9 de febrero a las 19 horas en el Caril\u00f3 Golf de la mano del empresario V\u00edctor Corso y del prestigioso dise\u00f1ador argentino reconocido mundialmente Gabriel Lage, quien brindar\u00e1 una charla exclusiva donde contar\u00e1 en detalle todo sobre su colecci\u00f3n, la [&hellip;]<\/p>\n","protected":false},"author":3,"featured_media":42446,"comment_status":"open","ping_status":"open","sticky":false,"template":"","format":"standard","meta":{"_et_pb_use_builder":"","_et_pb_old_content":"","_et_gb_content_width":"","footnotes":""},"categories":[13,33],"tags":[],"class_list":["post-42445","post","type-post","status-publish","format-standard","has-post-thumbnail","hentry","category-provincia","category-sociedad-y-cultura-2"],"_links":{"self":[{"href":"https:\/\/vocesdebaires.com.ar\/index.php\/wp-json\/wp\/v2\/posts\/42445"}],"collection":[{"href":"https:\/\/vocesdebaires.com.ar\/index.php\/wp-json\/wp\/v2\/posts"}],"about":[{"href":"https:\/\/vocesdebaires.com.ar\/index.php\/wp-json\/wp\/v2\/types\/post"}],"author":[{"embeddable":true,"href":"https:\/\/vocesdebaires.com.ar\/index.php\/wp-json\/wp\/v2\/users\/3"}],"replies":[{"embeddable":true,"href":"https:\/\/vocesdebaires.com.ar\/index.php\/wp-json\/wp\/v2\/comments?post=42445"}],"version-history":[{"count":1,"href":"https:\/\/vocesdebaires.com.ar\/index.php\/wp-json\/wp\/v2\/posts\/42445\/revisions"}],"predecessor-version":[{"id":42447,"href":"https:\/\/vocesdebaires.com.ar\/index.php\/wp-json\/wp\/v2\/posts\/42445\/revisions\/42447"}],"wp:featuredmedia":[{"embeddable":true,"href":"https:\/\/vocesdebaires.com.ar\/index.php\/wp-json\/wp\/v2\/media\/42446"}],"wp:attachment":[{"href":"https:\/\/vocesdebaires.com.ar\/index.php\/wp-json\/wp\/v2\/media?parent=42445"}],"wp:term":[{"taxonomy":"category","embeddable":true,"href":"https:\/\/vocesdebaires.com.ar\/index.php\/wp-json\/wp\/v2\/categories?post=42445"},{"taxonomy":"post_tag","embeddable":true,"href":"https:\/\/vocesdebaires.com.ar\/index.php\/wp-json\/wp\/v2\/tags?post=42445"}],"curies":[{"name":"wp","href":"https:\/\/api.w.org\/{rel}","templated":true}]}}