{"id":42448,"date":"2023-02-03T00:00:38","date_gmt":"2023-02-03T03:00:38","guid":{"rendered":"https:\/\/vocesdebaires.com.ar\/?p=42448"},"modified":"2023-02-02T20:28:37","modified_gmt":"2023-02-02T23:28:37","slug":"ciudad-larreta-presento-el-historico-descenso-de-la-mortalidad-infantil","status":"publish","type":"post","link":"https:\/\/vocesdebaires.com.ar\/index.php\/2023\/02\/03\/ciudad-larreta-presento-el-historico-descenso-de-la-mortalidad-infantil\/","title":{"rendered":"Ciudad: Larreta present\u00f3 el hist\u00f3rico descenso de la mortalidad infantil"},"content":{"rendered":"<p>El jefe de Gobierno porte\u00f1o, Horacio Rodr\u00edguez Larreta, present\u00f3 las cifras que marcan un descenso hist\u00f3rico en la mortalidad infantil de la Ciudad. \u201cEste desaf\u00edo no entiende de banderas pol\u00edticas, de chicanas ni de grietas, nos tiene que involucrar a todos\u201d, asegur\u00f3. La tasa se ubic\u00f3 en 4,4 fallecidos por cada mil nacidos vivos, muy por debajo de 7,9 cada mil nacidos vivos que se registraba en 2007. En cuanto a cifras absolutas, en 2021 se registraron 113 defunciones, la mitad que en 2019, cuando se hab\u00eda comenzado a registrar una baja significativa.<\/p>\n<p>El jefe de gobierno de la ciudad asegur\u00f3 que \u201cque no debe haber un dolor m\u00e1s grande que el de perder un hijo, y mucho m\u00e1s cuando esa p\u00e9rdida se da en la primera infancia\u201d. En ese sentido, afirm\u00f3 que \u201cla lucha contra la mortalidad infantil es una prioridad que obliga hacer todo lo que est\u00e9 al alcance para que cada vez sean menos los beb\u00e9s que fallecen en sus primeros meses de vida, dejando miles de proyectos truncos y familias destruidas\u201d.<\/p>\n<p>Ante ese desaf\u00edo, desde 2007 el Gobierno de la Ciudad de Buenos Aires decidi\u00f3 abordar de forma integral uno de los \u00edndices m\u00e1s tristes y preocupantes que existen para todos los padres y madres. A lo largo de las \u00faltimas cuatro gestiones en la Ciudad se ha trabajado incansablemente y de forma coordinada entre las diferentes \u00e1reas competentes para lograr un descenso significativo de la mortalidad infantil. El Jefe de Gobierno asegur\u00f3 que ese esfuerzo, definido como pol\u00edtica de Estado, dio resultados: \u201cHoy la Ciudad tiene la tasa de mortalidad infantil m\u00e1s baja de la historia.<\/p>\n<p>Esto es gracias al trabajo de todo un equipo comprometido con el acompa\u00f1amiento de las madres durante el embarazo y los cuidados post-natales\u201d.\u201cAunque sea un gran avance, es un n\u00famero que no nos conforma. Mientras haya un beb\u00e9 que fallezca por una causa evitable, vamos a seguir trabajando\u201d, aclar\u00f3 Rodr\u00edguez Larreta desde el Centro de Desarrollo Infantil \u00abRayito de Sol\u00bb de Soldati. Por su parte, Vidal afirm\u00f3 que la baja de la mortalidad infantil en la Ciudad \u201cmuestra que los desaf\u00edos se pueden encarar y resolver cuando hay planificaci\u00f3n, equipo y pol\u00edticas concretas\u201d.<\/p>\n<p><strong>Un trabajo integral<\/strong><br \/>\nLa lucha contra la mortalidad infantil se da en el marco de una pol\u00edtica integral encabezada por los Ministerio de Salud y de Desarrollo Humano que lleva casi 15 a\u00f1os en la Ciudad de Buenos Aires. Los datos actuales son fruto de a\u00f1os de trabajo que comenzaron a plasmarse en resultados a partir del a\u00f1o 2015.<\/p>\n<p><strong>Los programas activos<\/strong><br \/>\nActualmente en la Ciudad de Buenos Aires hay 190 equipos m\u00e9dicos distribuidos en la red de Hospitales P\u00fablicos y los Centros de Salud porte\u00f1os que se dedican exclusivamente a los controles del embarazo, garantizando a cada embarazada al menos cinco controles prenatales y siete consultas pedi\u00e1tricas en el primer a\u00f1o de vida. En conjunto con estos controles se da el programa B\u00fasqueda Activa para aquellas embarazadas que se ausentan de un control programado.<\/p>\n<p>El Ministerio de Salud tambi\u00e9n lleva a cabo la Estrategia Camino Verde de la Embarazada, en todas las maternidades y Centros de Salud y Acci\u00f3n Comunitaria que mejora el acceso de aquellas mujeres que est\u00e1n o creen estar embarazadas. Adem\u00e1s de la Regionalizaci\u00f3n Perinatal, que mejor\u00f3 la derivaci\u00f3n hospitalaria para que las madres y los beb\u00e9s tengan una atenci\u00f3n acorde a su complejidad<\/p>\n<p>Fotos: Marcos Brindicci\/ Macarena Bultri\/GCBA<\/p>\n","protected":false},"excerpt":{"rendered":"<p>El jefe de Gobierno porte\u00f1o, Horacio Rodr\u00edguez Larreta, present\u00f3 las cifras que marcan un descenso hist\u00f3rico en la mortalidad infantil de la Ciudad. \u201cEste desaf\u00edo no entiende de banderas pol\u00edticas, de chicanas ni de grietas, nos tiene que involucrar a todos\u201d, asegur\u00f3. La tasa se ubic\u00f3 en 4,4 fallecidos por cada mil nacidos vivos, muy [&hellip;]<\/p>\n","protected":false},"author":3,"featured_media":42449,"comment_status":"open","ping_status":"open","sticky":false,"template":"","format":"standard","meta":{"_et_pb_use_builder":"","_et_pb_old_content":"","_et_gb_content_width":"","footnotes":""},"categories":[11,33],"tags":[],"class_list":["post-42448","post","type-post","status-publish","format-standard","has-post-thumbnail","hentry","category-ciudad","category-sociedad-y-cultura-2"],"_links":{"self":[{"href":"https:\/\/vocesdebaires.com.ar\/index.php\/wp-json\/wp\/v2\/posts\/42448"}],"collection":[{"href":"https:\/\/vocesdebaires.com.ar\/index.php\/wp-json\/wp\/v2\/posts"}],"about":[{"href":"https:\/\/vocesdebaires.com.ar\/index.php\/wp-json\/wp\/v2\/types\/post"}],"author":[{"embeddable":true,"href":"https:\/\/vocesdebaires.com.ar\/index.php\/wp-json\/wp\/v2\/users\/3"}],"replies":[{"embeddable":true,"href":"https:\/\/vocesdebaires.com.ar\/index.php\/wp-json\/wp\/v2\/comments?post=42448"}],"version-history":[{"count":1,"href":"https:\/\/vocesdebaires.com.ar\/index.php\/wp-json\/wp\/v2\/posts\/42448\/revisions"}],"predecessor-version":[{"id":42450,"href":"https:\/\/vocesdebaires.com.ar\/index.php\/wp-json\/wp\/v2\/posts\/42448\/revisions\/42450"}],"wp:featuredmedia":[{"embeddable":true,"href":"https:\/\/vocesdebaires.com.ar\/index.php\/wp-json\/wp\/v2\/media\/42449"}],"wp:attachment":[{"href":"https:\/\/vocesdebaires.com.ar\/index.php\/wp-json\/wp\/v2\/media?parent=42448"}],"wp:term":[{"taxonomy":"category","embeddable":true,"href":"https:\/\/vocesdebaires.com.ar\/index.php\/wp-json\/wp\/v2\/categories?post=42448"},{"taxonomy":"post_tag","embeddable":true,"href":"https:\/\/vocesdebaires.com.ar\/index.php\/wp-json\/wp\/v2\/tags?post=42448"}],"curies":[{"name":"wp","href":"https:\/\/api.w.org\/{rel}","templated":true}]}}