{"id":42465,"date":"2023-02-06T13:01:23","date_gmt":"2023-02-06T16:01:23","guid":{"rendered":"https:\/\/vocesdebaires.com.ar\/?p=42465"},"modified":"2023-02-06T13:13:46","modified_gmt":"2023-02-06T16:13:46","slug":"ciudad-y-srt-firmaron-un-convenio-para-fortalecer-las-politicas-de-prevencion","status":"publish","type":"post","link":"https:\/\/vocesdebaires.com.ar\/index.php\/2023\/02\/06\/ciudad-y-srt-firmaron-un-convenio-para-fortalecer-las-politicas-de-prevencion\/","title":{"rendered":"Ciudad:Firmo un convenio para fortalecer las pol\u00edticas de prevenci\u00f3n"},"content":{"rendered":"<p>Acordaron impulsar de forma conjunta la mejora continua de las condiciones laborales de los establecimientos de la Ciudad a trav\u00e9s de pol\u00edticas preventivas consensuadas y federales<br \/>\nEl Gobierno de la Ciudad, a trav\u00e9s de la subsecretar\u00eda de Trabajo, Industria y Comercio, y la Superintendencia de Riesgos de Trabajo (SRT) firmaron un convenio para avanzar en metas inspectivas alineadas con los programas de prevenci\u00f3n y reducci\u00f3n de siniestralidad establecidos por la SRT, como as\u00ed tambi\u00e9n criterios unificados de inspecci\u00f3n a trav\u00e9s de la implementaci\u00f3n del sistema ADU (Acta Digital \u00danica).<\/p>\n<p>La firma estuvo encabezada por el superintendente de Riesgos de Trabajo, Enrique Cossio y el subsecretario de Trabajo, Ezequiel Jarvis. Adem\u00e1s, estuvo presente el gerente general de la superintendencia, Marcelo Dom\u00ednguez Durante el encuentro, las partes se comprometieron a promover la disminuci\u00f3n de los accidentes de trabajo y de las enfermedades profesionales, adem\u00e1s de cumplir con los deberes y obligaciones en materia preventiva que emergen de las leyes N\u00ba 24.557, 27.348 y 19.587, en l\u00ednea con los convenios que se vienen firmando con la totalidad de las provincias del pa\u00eds.<\/p>\n<p>\u201cCelebro la firma de este convenio porque nos permite trabajar de forma conjunta en materia de prevenci\u00f3n de riesgos del trabajo, fortaleciendo la cultura preventiva, y generando mejores condiciones para los trabajadores y trabajadoras de la Ciudad\u201d, destac\u00f3 el subsecretario Ezequiel Jarvis. Por su parte, el superintendente Enrique Cossio subray\u00f3 la importancia de sostener el di\u00e1logo social entre los actores del sistema de riesgos del trabajo \u201ccomo mecanismo para generar nuevas normativas y esquemas productivos din\u00e1micos, seguros y saludables\u201d.<\/p>\n<p>En la reuni\u00f3n se definieron tambi\u00e9n criterios para la investigaci\u00f3n de accidentes graves y mortales, mecanismos \u00e1giles para el intercambio de informaci\u00f3n y pol\u00edticas de capacitaci\u00f3n permanentes para el personal de la Administradora de Trabajo Local. En este sentido, la SRT y la Universidad de Tres de Febrero lanzaron en abril de 2022 la Diplomatura Universitaria en Prevenci\u00f3n de Enfermedades Profesionales, que basa su curr\u00edcula en 30 gu\u00edas y documentos t\u00e9cnicos elaborados por el organismo de control.<\/p>\n","protected":false},"excerpt":{"rendered":"<p>Acordaron impulsar de forma conjunta la mejora continua de las condiciones laborales de los establecimientos de la Ciudad a trav\u00e9s de pol\u00edticas preventivas consensuadas y federales El Gobierno de la Ciudad, a trav\u00e9s de la subsecretar\u00eda de Trabajo, Industria y Comercio, y la Superintendencia de Riesgos de Trabajo (SRT) firmaron un convenio para avanzar en [&hellip;]<\/p>\n","protected":false},"author":3,"featured_media":42466,"comment_status":"open","ping_status":"open","sticky":false,"template":"","format":"standard","meta":{"_et_pb_use_builder":"","_et_pb_old_content":"","_et_gb_content_width":"","footnotes":""},"categories":[11,33],"tags":[],"class_list":["post-42465","post","type-post","status-publish","format-standard","has-post-thumbnail","hentry","category-ciudad","category-sociedad-y-cultura-2"],"_links":{"self":[{"href":"https:\/\/vocesdebaires.com.ar\/index.php\/wp-json\/wp\/v2\/posts\/42465"}],"collection":[{"href":"https:\/\/vocesdebaires.com.ar\/index.php\/wp-json\/wp\/v2\/posts"}],"about":[{"href":"https:\/\/vocesdebaires.com.ar\/index.php\/wp-json\/wp\/v2\/types\/post"}],"author":[{"embeddable":true,"href":"https:\/\/vocesdebaires.com.ar\/index.php\/wp-json\/wp\/v2\/users\/3"}],"replies":[{"embeddable":true,"href":"https:\/\/vocesdebaires.com.ar\/index.php\/wp-json\/wp\/v2\/comments?post=42465"}],"version-history":[{"count":2,"href":"https:\/\/vocesdebaires.com.ar\/index.php\/wp-json\/wp\/v2\/posts\/42465\/revisions"}],"predecessor-version":[{"id":42477,"href":"https:\/\/vocesdebaires.com.ar\/index.php\/wp-json\/wp\/v2\/posts\/42465\/revisions\/42477"}],"wp:featuredmedia":[{"embeddable":true,"href":"https:\/\/vocesdebaires.com.ar\/index.php\/wp-json\/wp\/v2\/media\/42466"}],"wp:attachment":[{"href":"https:\/\/vocesdebaires.com.ar\/index.php\/wp-json\/wp\/v2\/media?parent=42465"}],"wp:term":[{"taxonomy":"category","embeddable":true,"href":"https:\/\/vocesdebaires.com.ar\/index.php\/wp-json\/wp\/v2\/categories?post=42465"},{"taxonomy":"post_tag","embeddable":true,"href":"https:\/\/vocesdebaires.com.ar\/index.php\/wp-json\/wp\/v2\/tags?post=42465"}],"curies":[{"name":"wp","href":"https:\/\/api.w.org\/{rel}","templated":true}]}}