{"id":4247,"date":"2019-12-11T03:00:00","date_gmt":"2019-12-11T06:00:00","guid":{"rendered":"http:\/\/vocesdebaires.com.ar\/wordpress\/index.php\/2019\/12\/11\/legislaturabarrios-los-piletones-y-esperanza\/"},"modified":"2019-12-11T03:00:00","modified_gmt":"2019-12-11T06:00:00","slug":"legislaturabarrios-los-piletones-y-esperanza","status":"publish","type":"post","link":"https:\/\/vocesdebaires.com.ar\/index.php\/2019\/12\/11\/legislaturabarrios-los-piletones-y-esperanza\/","title":{"rendered":"Legislatura:Barrios Los Piletones y Esperanza"},"content":{"rendered":"<p>Por iniciativa de la Jefatura de Gobierno, con despacho de la Comisi\u00f3n legislativa de Planeamiento Urbano, tambi\u00e9n se aprobaron en primera lectura las modificaciones catastrales relacionadas con la continuidad del plan de reurbanizaci\u00f3n de los barrios Los Piletones y Esperanza, en Villa Soldati, adyacente al lago existente en esa zona. El asunto deber\u00e1 discutirse en Audiencia P\u00fablica antes de votar la aprobaci\u00f3n definitiva como ley. A tales efectos, el oficialismo propicia la modificaci\u00f3n del art\u00edculo 5.7.45. U52- Barrios Nuevos del Anexo II &quot;\u00c1reas Especiales Individualizadas&quot; del C\u00f3digo Urban\u00edstico.<\/p>\n<p>Se fundament\u00f3 en \u201cla necesidad de continuar con el proceso de urbanizaci\u00f3n y regularizaci\u00f3n dominial (en esas barriadas) por parte de la Corporaci\u00f3n Buenos Aires Sur S.E. Para facilitar dicho proceso es necesario realizar cambios en las normas urban\u00edsticas vigentes. Algunos de estos cambios incluyen excepciones, cambios de zonificaci\u00f3n, incorporaci\u00f3n de pol\u00edgonos, entre otros\u201d<br \/>El proyecto aprobado el pasado\u00a0 jueves por la noche tambi\u00e9n ratifica lo propuesto por la Ley N\u00b0 5.235, de Promoci\u00f3n de las Actividades de la Producci\u00f3n e Industria Deportiva en la Ciudad, que incluye a esta zona catalogada como &quot;U Barrios Nuevos\u201d.<\/p>\n<p>En cuanto al barrio Esperanza, el pol\u00edgono delimitado por la calle sin nombre (altura Av. Lacarra al 2730), calle interna de la rotonda del Parque Indoamericano, prolongaci\u00f3n de la calle sin nombre oficial (altura Av. Lacarra al 2270) y la propia Av. Lacarra, se transfiere (seg\u00fan el proyecto) al dominio privado del Fideicomiso de Corporaci\u00f3n Buenos Aires Sur S.E. \u201ccon el fin de urbanizar y regularizar\u201d. Seg\u00fan lo censado, viven en esa barriada unas 500 personas en situaci\u00f3n precaria. Se aprob\u00f3 con 41 votos afirmativos del oficialismo y aliados, 5 negativos de los bloques de izquierda y la abstenci\u00f3n de UC y BP.<\/p>\n","protected":false},"excerpt":{"rendered":"<p>Por iniciativa de la Jefatura de Gobierno, con despacho de la Comisi\u00f3n legislativa de Planeamiento Urbano, tambi\u00e9n se aprobaron en primera lectura las modificaciones catastrales relacionadas con la continuidad del plan de reurbanizaci\u00f3n de los barrios Los Piletones y Esperanza, en Villa Soldati, adyacente al lago existente en esa zona. El asunto deber\u00e1 discutirse en [&hellip;]<\/p>\n","protected":false},"author":1,"featured_media":4248,"comment_status":"open","ping_status":"open","sticky":false,"template":"","format":"standard","meta":{"_et_pb_use_builder":"","_et_pb_old_content":"","_et_gb_content_width":"","footnotes":""},"categories":[11,32],"tags":[],"class_list":["post-4247","post","type-post","status-publish","format-standard","has-post-thumbnail","hentry","category-ciudad","category-comunas"],"_links":{"self":[{"href":"https:\/\/vocesdebaires.com.ar\/index.php\/wp-json\/wp\/v2\/posts\/4247"}],"collection":[{"href":"https:\/\/vocesdebaires.com.ar\/index.php\/wp-json\/wp\/v2\/posts"}],"about":[{"href":"https:\/\/vocesdebaires.com.ar\/index.php\/wp-json\/wp\/v2\/types\/post"}],"author":[{"embeddable":true,"href":"https:\/\/vocesdebaires.com.ar\/index.php\/wp-json\/wp\/v2\/users\/1"}],"replies":[{"embeddable":true,"href":"https:\/\/vocesdebaires.com.ar\/index.php\/wp-json\/wp\/v2\/comments?post=4247"}],"version-history":[{"count":0,"href":"https:\/\/vocesdebaires.com.ar\/index.php\/wp-json\/wp\/v2\/posts\/4247\/revisions"}],"wp:featuredmedia":[{"embeddable":true,"href":"https:\/\/vocesdebaires.com.ar\/index.php\/wp-json\/wp\/v2\/media\/4248"}],"wp:attachment":[{"href":"https:\/\/vocesdebaires.com.ar\/index.php\/wp-json\/wp\/v2\/media?parent=4247"}],"wp:term":[{"taxonomy":"category","embeddable":true,"href":"https:\/\/vocesdebaires.com.ar\/index.php\/wp-json\/wp\/v2\/categories?post=4247"},{"taxonomy":"post_tag","embeddable":true,"href":"https:\/\/vocesdebaires.com.ar\/index.php\/wp-json\/wp\/v2\/tags?post=4247"}],"curies":[{"name":"wp","href":"https:\/\/api.w.org\/{rel}","templated":true}]}}