{"id":42487,"date":"2023-02-06T13:44:18","date_gmt":"2023-02-06T16:44:18","guid":{"rendered":"https:\/\/vocesdebaires.com.ar\/?p=42487"},"modified":"2023-02-06T13:44:18","modified_gmt":"2023-02-06T16:44:18","slug":"santilli-dijo-sere-el-primer-gobernador-con-vision-productivista","status":"publish","type":"post","link":"https:\/\/vocesdebaires.com.ar\/index.php\/2023\/02\/06\/santilli-dijo-sere-el-primer-gobernador-con-vision-productivista\/","title":{"rendered":"Santilli: Dijo ser\u00e9 el primer Gobernador con visi\u00f3n productivista\u201d"},"content":{"rendered":"<p>El diputado nacional por Juntos, Diego Santilli visit\u00f3 el pasado s\u00e1bado Tandil donde recorri\u00f3 el mural de Messi junto a su creador, el artista Lucas Molleker, y el concejal por el Pro, Juan Manazzoni. Posteriormente, en el marco de las visitas a las diferentes fiestas provinciales que Santilli viene realizando, particip\u00f3 de la Fiesta de La Pastora, el tradicional evento de doma que re\u00fane a los mejores jinetes y potros de la zona y comparti\u00f3 un encuentro con Enoc Girado, un ni\u00f1o m\u00fasico que cuenta con m\u00e1s de 30.000 suscriptores en Youtube. \u201cEste es un a\u00f1o electoral, por eso importante presentar las propuestas, las ideas que yo quiero llevar adelante.<\/p>\n<p>En la provincia hay que plantear una fuerza con nuevas ideas y consolidar lo que funciona\u201d, expres\u00f3 el diputado que el viernes estuvo presente en la primera reuni\u00f3n de la mesa provincial del PRO, en la localidad de Sierras Bayas, organizada por Ezequiel Galli. Luego agreg\u00f3 que \u201cTandil en particular y la provincia de Buenos Aires en general deben tener una visi\u00f3n productivista. Yo voy a ser el primer Gobernador que le de esa mirada. Quiero acompa\u00f1ar y potenciar a los productores que generan trabajo y no ponerles palos en la ruda como hist\u00f3ricamente les han hecho\u201d. \u201dTenemos que fortalecer esta regi\u00f3n, generar trabajo y potenciar la productividad. Un interior pujante que tiene todo para salir adelante\u201d, finaliz\u00f3 Santilli.<\/p>\n","protected":false},"excerpt":{"rendered":"<p>El diputado nacional por Juntos, Diego Santilli visit\u00f3 el pasado s\u00e1bado Tandil donde recorri\u00f3 el mural de Messi junto a su creador, el artista Lucas Molleker, y el concejal por el Pro, Juan Manazzoni. Posteriormente, en el marco de las visitas a las diferentes fiestas provinciales que Santilli viene realizando, particip\u00f3 de la Fiesta de [&hellip;]<\/p>\n","protected":false},"author":2,"featured_media":42488,"comment_status":"open","ping_status":"open","sticky":false,"template":"","format":"standard","meta":{"_et_pb_use_builder":"","_et_pb_old_content":"","_et_gb_content_width":"","footnotes":""},"categories":[34,13],"tags":[],"class_list":["post-42487","post","type-post","status-publish","format-standard","has-post-thumbnail","hentry","category-politica","category-provincia"],"_links":{"self":[{"href":"https:\/\/vocesdebaires.com.ar\/index.php\/wp-json\/wp\/v2\/posts\/42487"}],"collection":[{"href":"https:\/\/vocesdebaires.com.ar\/index.php\/wp-json\/wp\/v2\/posts"}],"about":[{"href":"https:\/\/vocesdebaires.com.ar\/index.php\/wp-json\/wp\/v2\/types\/post"}],"author":[{"embeddable":true,"href":"https:\/\/vocesdebaires.com.ar\/index.php\/wp-json\/wp\/v2\/users\/2"}],"replies":[{"embeddable":true,"href":"https:\/\/vocesdebaires.com.ar\/index.php\/wp-json\/wp\/v2\/comments?post=42487"}],"version-history":[{"count":1,"href":"https:\/\/vocesdebaires.com.ar\/index.php\/wp-json\/wp\/v2\/posts\/42487\/revisions"}],"predecessor-version":[{"id":42489,"href":"https:\/\/vocesdebaires.com.ar\/index.php\/wp-json\/wp\/v2\/posts\/42487\/revisions\/42489"}],"wp:featuredmedia":[{"embeddable":true,"href":"https:\/\/vocesdebaires.com.ar\/index.php\/wp-json\/wp\/v2\/media\/42488"}],"wp:attachment":[{"href":"https:\/\/vocesdebaires.com.ar\/index.php\/wp-json\/wp\/v2\/media?parent=42487"}],"wp:term":[{"taxonomy":"category","embeddable":true,"href":"https:\/\/vocesdebaires.com.ar\/index.php\/wp-json\/wp\/v2\/categories?post=42487"},{"taxonomy":"post_tag","embeddable":true,"href":"https:\/\/vocesdebaires.com.ar\/index.php\/wp-json\/wp\/v2\/tags?post=42487"}],"curies":[{"name":"wp","href":"https:\/\/api.w.org\/{rel}","templated":true}]}}