{"id":4249,"date":"2019-12-11T03:00:00","date_gmt":"2019-12-11T06:00:00","guid":{"rendered":"http:\/\/vocesdebaires.com.ar\/wordpress\/index.php\/2019\/12\/11\/en-la-ciudad-aprueban-ley-de-ministerios\/"},"modified":"2019-12-11T03:00:00","modified_gmt":"2019-12-11T06:00:00","slug":"en-la-ciudad-aprueban-ley-de-ministerios","status":"publish","type":"post","link":"https:\/\/vocesdebaires.com.ar\/index.php\/2019\/12\/11\/en-la-ciudad-aprueban-ley-de-ministerios\/","title":{"rendered":"En la ciudad: Aprueban Ley de Ministerios"},"content":{"rendered":"<p>El nuevo Gabinete del Gobierno de la Ciudad Aut\u00f3noma de Buenos Aires estar\u00e1 integrado por 10 ministerios y 2 secretarias de Estado con rango ministerial, a la vez que atribuye al Vicejefe de Gobierno tareas ejecutivas referidas a la participaci\u00f3n ciudadana, la planificaci\u00f3n y ejecuci\u00f3n de programas de desarrollo social, cultura, artes visuales y esc\u00e9nicas, educaci\u00f3n y salud, en coordinaci\u00f3n con los ministerios que corresponde.<\/p>\n<p>El Vicejefe tambi\u00e9n entender\u00e1 en las relaciones con las colectividades, el fomento y desarrollo integral del deporte y la promoci\u00f3n de la defensa de los Derechos Humanos. Los ministerios ser\u00e1n: de Coordinaci\u00f3n o Jefatura de Gabinete de Ministros; de Hacienda y Finanzas; de Justicia y Seguridad; de Salud; de Educaci\u00f3n; de Desarrollo Econ\u00f3mico y Producci\u00f3n; de Cultura; de Desarrollo Humano y H\u00e1bitat; de Espacio P\u00fablico e Higiene Urbana; de Gobierno. La secretar\u00edas ser\u00e1n las siguientes: General y Relaciones Internacionales (rango ministerial); Legal y T\u00e9cnica; de Medios; de Asuntos Estrat\u00e9gicos; de Comunicaci\u00f3n, Contenidos y Participaci\u00f3n Ciudadana; de Ambiente (rango ministerial).<\/p>\n<p>La nueva normativa define las funciones de cada \u00e1rea del Gobierno porte\u00f1o, explicita que entra en vigencia el 10 de diciembre del 2.019 y aclara que &quot;las unidades organizativas de cualquier nivel y dem\u00e1s organismos dependientes del Poder Ejecutivo contin\u00faan funcionando como tales hasta que el Jefe de Gobierno disponga lo contrario&quot;. El proyecto que tom\u00f3 estado parlamentario en la v\u00edspera, result\u00f3 aprobado como ley esta noche durante la \u00faltima Sesi\u00f3n Ordinaria sobre tablas con 40 votos positivos, dos negativos del bloque AyL y 16 abstenciones de los bloques UC, BP, GEN, MC y los restantes de izquierda.<\/p>\n","protected":false},"excerpt":{"rendered":"<p>El nuevo Gabinete del Gobierno de la Ciudad Aut\u00f3noma de Buenos Aires estar\u00e1 integrado por 10 ministerios y 2 secretarias de Estado con rango ministerial, a la vez que atribuye al Vicejefe de Gobierno tareas ejecutivas referidas a la participaci\u00f3n ciudadana, la planificaci\u00f3n y ejecuci\u00f3n de programas de desarrollo social, cultura, artes visuales y esc\u00e9nicas, [&hellip;]<\/p>\n","protected":false},"author":1,"featured_media":4250,"comment_status":"open","ping_status":"open","sticky":false,"template":"","format":"standard","meta":{"_et_pb_use_builder":"","_et_pb_old_content":"","_et_gb_content_width":"","footnotes":""},"categories":[11,32],"tags":[],"class_list":["post-4249","post","type-post","status-publish","format-standard","has-post-thumbnail","hentry","category-ciudad","category-comunas"],"_links":{"self":[{"href":"https:\/\/vocesdebaires.com.ar\/index.php\/wp-json\/wp\/v2\/posts\/4249"}],"collection":[{"href":"https:\/\/vocesdebaires.com.ar\/index.php\/wp-json\/wp\/v2\/posts"}],"about":[{"href":"https:\/\/vocesdebaires.com.ar\/index.php\/wp-json\/wp\/v2\/types\/post"}],"author":[{"embeddable":true,"href":"https:\/\/vocesdebaires.com.ar\/index.php\/wp-json\/wp\/v2\/users\/1"}],"replies":[{"embeddable":true,"href":"https:\/\/vocesdebaires.com.ar\/index.php\/wp-json\/wp\/v2\/comments?post=4249"}],"version-history":[{"count":0,"href":"https:\/\/vocesdebaires.com.ar\/index.php\/wp-json\/wp\/v2\/posts\/4249\/revisions"}],"wp:featuredmedia":[{"embeddable":true,"href":"https:\/\/vocesdebaires.com.ar\/index.php\/wp-json\/wp\/v2\/media\/4250"}],"wp:attachment":[{"href":"https:\/\/vocesdebaires.com.ar\/index.php\/wp-json\/wp\/v2\/media?parent=4249"}],"wp:term":[{"taxonomy":"category","embeddable":true,"href":"https:\/\/vocesdebaires.com.ar\/index.php\/wp-json\/wp\/v2\/categories?post=4249"},{"taxonomy":"post_tag","embeddable":true,"href":"https:\/\/vocesdebaires.com.ar\/index.php\/wp-json\/wp\/v2\/tags?post=4249"}],"curies":[{"name":"wp","href":"https:\/\/api.w.org\/{rel}","templated":true}]}}