{"id":42498,"date":"2023-02-07T11:22:58","date_gmt":"2023-02-07T14:22:58","guid":{"rendered":"https:\/\/vocesdebaires.com.ar\/?p=42498"},"modified":"2023-02-07T11:22:58","modified_gmt":"2023-02-07T14:22:58","slug":"el-ministro-jorge-macri-recorrio-estuvo-la-libreria-menendez-libros","status":"publish","type":"post","link":"https:\/\/vocesdebaires.com.ar\/index.php\/2023\/02\/07\/el-ministro-jorge-macri-recorrio-estuvo-la-libreria-menendez-libros\/","title":{"rendered":"El Ministro Jorge Macri, recorri\u00f3 estuvo la librer\u00eda \u201dMen\u00e9ndez Libros\u201d"},"content":{"rendered":"<p>En una de sus habituales recorridas, el Ministro de Gobierno, Jorge Macri, estuvo en la librer\u00eda \u201dMen\u00e9ndez Libros\u201d, donde convers\u00f3 con sus due\u00f1os y recorri\u00f3 el lugar. La misma est\u00e1 ubicada en un edifico hist\u00f3rico de los a\u00f1os veinte, emblema del Art Deco, dise\u00f1ado por el arquitecto Valent\u00edn Brodsky. Anteriormente, este local, fue una f\u00e1brica de estufas \u201cFlamex\u201d. La librer\u00eda se destaca por la atenci\u00f3n personalizada en sus clientes, ya que no solo es un lugar para comprar libros, sino que, todo aquel que la visite, puede informarse sobre las novedades en literatura y arte.<\/p>\n<p>En \u201cMen\u00e9ndez Libros\u201d se realizan todo tipo de actividades relacionadas con el arte, como: ciclo de \u00f3pera, taller literario, fotograf\u00eda, micro cine, charlas sobre arte y filosof\u00eda, entre otras.Tambi\u00e9n se exponen e inauguran muestras de diferentes artistas, sobre arte en papel, fotograf\u00eda y pintura, las cuales tambi\u00e9n se ofrecen para la venta. Actualmente se encuentra en exposici\u00f3n \u201cSin Palabras\u201d pinturas y dibujos del artista porte\u00f1o, Guillermo Saccomanno.<\/p>\n","protected":false},"excerpt":{"rendered":"<p>En una de sus habituales recorridas, el Ministro de Gobierno, Jorge Macri, estuvo en la librer\u00eda \u201dMen\u00e9ndez Libros\u201d, donde convers\u00f3 con sus due\u00f1os y recorri\u00f3 el lugar. La misma est\u00e1 ubicada en un edifico hist\u00f3rico de los a\u00f1os veinte, emblema del Art Deco, dise\u00f1ado por el arquitecto Valent\u00edn Brodsky. Anteriormente, este local, fue una f\u00e1brica [&hellip;]<\/p>\n","protected":false},"author":3,"featured_media":42499,"comment_status":"open","ping_status":"open","sticky":false,"template":"","format":"standard","meta":{"_et_pb_use_builder":"","_et_pb_old_content":"","_et_gb_content_width":"","footnotes":""},"categories":[11,33],"tags":[],"class_list":["post-42498","post","type-post","status-publish","format-standard","has-post-thumbnail","hentry","category-ciudad","category-sociedad-y-cultura-2"],"_links":{"self":[{"href":"https:\/\/vocesdebaires.com.ar\/index.php\/wp-json\/wp\/v2\/posts\/42498"}],"collection":[{"href":"https:\/\/vocesdebaires.com.ar\/index.php\/wp-json\/wp\/v2\/posts"}],"about":[{"href":"https:\/\/vocesdebaires.com.ar\/index.php\/wp-json\/wp\/v2\/types\/post"}],"author":[{"embeddable":true,"href":"https:\/\/vocesdebaires.com.ar\/index.php\/wp-json\/wp\/v2\/users\/3"}],"replies":[{"embeddable":true,"href":"https:\/\/vocesdebaires.com.ar\/index.php\/wp-json\/wp\/v2\/comments?post=42498"}],"version-history":[{"count":1,"href":"https:\/\/vocesdebaires.com.ar\/index.php\/wp-json\/wp\/v2\/posts\/42498\/revisions"}],"predecessor-version":[{"id":42500,"href":"https:\/\/vocesdebaires.com.ar\/index.php\/wp-json\/wp\/v2\/posts\/42498\/revisions\/42500"}],"wp:featuredmedia":[{"embeddable":true,"href":"https:\/\/vocesdebaires.com.ar\/index.php\/wp-json\/wp\/v2\/media\/42499"}],"wp:attachment":[{"href":"https:\/\/vocesdebaires.com.ar\/index.php\/wp-json\/wp\/v2\/media?parent=42498"}],"wp:term":[{"taxonomy":"category","embeddable":true,"href":"https:\/\/vocesdebaires.com.ar\/index.php\/wp-json\/wp\/v2\/categories?post=42498"},{"taxonomy":"post_tag","embeddable":true,"href":"https:\/\/vocesdebaires.com.ar\/index.php\/wp-json\/wp\/v2\/tags?post=42498"}],"curies":[{"name":"wp","href":"https:\/\/api.w.org\/{rel}","templated":true}]}}